{"id":405240,"date":"2025-07-16T16:30:42","date_gmt":"2025-07-16T14:30:42","guid":{"rendered":"https:\/\/sostariffe-internal.gruppomol.lcl\/news\/?p=405240"},"modified":"2025-07-16T16:14:26","modified_gmt":"2025-07-16T14:14:26","slug":"kena-lancia-5g-offerte-luglio-2025","status":"publish","type":"post","link":"https:\/\/www.sostariffe.it\/news\/kena-lancia-5g-offerte-luglio-2025-405240\/","title":{"rendered":"Kena lancia il 5G per nuovi e gi\u00e0 clienti: come attivarlo a luglio 2025"},"content":{"rendered":"<p><strong>Kena<\/strong> arricchisce la sua offerta con il <strong>lancio del 5G<\/strong>, disponibile a partire da oggi sia per i nuovi clienti che per i gi\u00e0 clienti dell&#8217;operatore. Andiamo a scoprire tutti i dettagli in merito.<\/p>\n<p><!--more--><\/p>\n<p>Anche <strong>Kena<\/strong> si unisce agli operatori del mercato di telefonia mobile che propongono offerte 5G per i loro clienti. A partire da questa settimana, infatti, l&#8217;operatore virtuale di TIM consente l&#8217;accesso alla rete mobile di nuova generazione, con velocit\u00e0 massima di <strong>250 Mbps in download<\/strong> e di <strong>75 Mbps in upload.<\/strong><\/p>\n<p>Per i <strong>nuovi<\/strong> <strong>clienti<\/strong> ci sono <strong>diverse offerte<\/strong> su cui puntare mentre per<strong> i gi\u00e0 clienti<\/strong> c&#8217;\u00e8 la possibilit\u00e0 di attivare una <strong>nuova opzione<\/strong> che consente di &#8220;sbloccare&#8221; l&#8217;utilizzo della rete 5G anche senza la necessit\u00e0 di cambiare tariffa.<\/p>\n<p><a class=\"green-cta\" href=\"https:\/\/www.sostariffe.it\/tariffe-cellulari\/kena-mobile\/\" target=\"_blank\" rel=\"noopener\">Scopri qui le offerte Kena <span style=\"text-align: right;\">\u00bb<\/span><\/a><\/p>\n<h2>Kena lancia il 5G<\/h2>\n<table style=\"border-collapse: collapse; width: 100%;\">\n<tbody>\n<tr>\n<td style=\"width: 50%;\"><\/td>\n<td style=\"width: 50%;\"><strong>3 COSE DA SAPERE SUL 5G DI KENA<\/strong><\/td>\n<\/tr>\n<tr>\n<td style=\"width: 50%;\"><\/td>\n<td style=\"width: 50%;\">Kena usa la <strong>rete 5G di TIM<\/strong><\/td>\n<\/tr>\n<tr>\n<td style=\"width: 50%;\"><\/td>\n<td style=\"width: 50%;\">La velocit\u00e0 massima \u00e8 di <strong>250 Mbps in download<\/strong><\/td>\n<\/tr>\n<tr>\n<td style=\"width: 50%;\"><\/td>\n<td style=\"width: 50%;\">Il 5G \u00e8 disponibile <strong>per nuovi e gi\u00e0 clienti<\/strong><\/td>\n<\/tr>\n<\/tbody>\n<\/table>\n<p>A partire da questa settimana, nuovi e gi\u00e0 clienti Kena possono<strong> utilizzare il 5G<\/strong> (su rete TIM). Si tratta di un&#8217;importante aggiunta per l&#8217;operatore che, in questo modo, si allinea ai diretti concorrenti, arricchendo la prorpia gamma di offerte con il 5G, elemento oramai essenziale per garantire una connessione ad alta velocit\u00e0.<\/p>\n<p>Per utilizzare il 5G di Kena \u00e8 possibile:<\/p>\n<ul>\n<li><strong>attivare una delle offerte Kena<\/strong> disponibili sul mercato, portando il numero da un altro operatore oppure richiedendo un nuovo numero; attualmente Kena propone offerte d<strong>a 5,99 euro al mese con 5G incluso<\/strong> e la possibilit\u00e0 di ottenere<strong> almeno 200 GB al mese<\/strong><\/li>\n<li>per i gi\u00e0 clienti Kena \u00e8 possibile attivare un&#8217;opzione dedicata che &#8220;sblocca&#8221; il 5G per la propria tariffa; tale opzione \u00e8 gratuita fino al prossimo 31 agosto e, successivamente, sar\u00e0 disponibile con un costo di 0,99 euro al mese in pi\u00f9<\/li>\n<\/ul>\n<p>Come sottolineato in precedenza, il 5G di Kena presenta dei limiti di velocit\u00e0 pari a:<\/p>\n<ul>\n<li><strong>250 Mbps in download<\/strong><\/li>\n<li><strong>75 Mbps in upload<\/strong><\/li>\n<\/ul>\n<p>Si tratta degli stessi limiti di velocit\u00e0 che TIM, operatore proprietario di Kena, applica alle sue offerte che non sono classificate come 5G Ultra. Per il momento, nessuna offerta Kena pu\u00f2 utilizzare il 5G Ultra come definito da TIM.<\/p>\n<p>Tutte le promozioni di Kena sono attivabili direttamente online. Per scegliere l&#8217;offerta giusta \u00e8 possibile raggiungere il comparatore di SOStariffe.it, disponibile di seguito, e raggiungere poi il sito dell&#8217;operatore per completare l&#8217;attivazione.<\/p>\n<p><a class=\"green-cta\" href=\"https:\/\/www.sostariffe.it\/tariffe-cellulari\/kena-mobile\/\" target=\"_blank\" rel=\"noopener\">Scopri qui le offerte Kena <span style=\"text-align: right;\">\u00bb<\/span><\/a><\/p>\n","protected":false},"excerpt":{"rendered":"<p>Kena arricchisce la sua offerta con il lancio del 5G, disponibile a partire da oggi sia per i nuovi clienti che per i gi\u00e0 clienti dell&#8217;operatore. Andiamo a scoprire tutti i dettagli in merito.<\/p>\n","protected":false},"author":47,"featured_media":405122,"comment_status":"open","ping_status":"open","sticky":false,"template":"","format":"standard","meta":{"footnotes":"","_links_to":"","_links_to_target":""},"categories":[20691,9],"tags":[],"acf":[],"_links":{"self":[{"href":"https:\/\/www.sostariffe.it\/news\/wp-json\/wp\/v2\/posts\/405240"}],"collection":[{"href":"https:\/\/www.sostariffe.it\/news\/wp-json\/wp\/v2\/posts"}],"about":[{"href":"https:\/\/www.sostariffe.it\/news\/wp-json\/wp\/v2\/types\/post"}],"author":[{"embeddable":true,"href":"https:\/\/www.sostariffe.it\/news\/wp-json\/wp\/v2\/users\/47"}],"replies":[{"embeddable":true,"href":"https:\/\/www.sostariffe.it\/news\/wp-json\/wp\/v2\/comments?post=405240"}],"version-history":[{"count":3,"href":"https:\/\/www.sostariffe.it\/news\/wp-json\/wp\/v2\/posts\/405240\/revisions"}],"predecessor-version":[{"id":405242,"href":"https:\/\/www.sostariffe.it\/news\/wp-json\/wp\/v2\/posts\/405240\/revisions\/405242"}],"wp:featuredmedia":[{"embeddable":true,"href":"https:\/\/www.sostariffe.it\/news\/wp-json\/wp\/v2\/media\/405122"}],"wp:attachment":[{"href":"https:\/\/www.sostariffe.it\/news\/wp-json\/wp\/v2\/media?parent=405240"}],"wp:term":[{"taxonomy":"category","embeddable":true,"href":"https:\/\/www.sostariffe.it\/news\/wp-json\/wp\/v2\/categories?post=405240"},{"taxonomy":"post_tag","embeddable":true,"href":"https:\/\/www.sostariffe.it\/news\/wp-json\/wp\/v2\/tags?post=405240"}],"curies":[{"name":"wp","href":"https:\/\/api.w.org\/{rel}","templated":true}]}}