{"id":403440,"date":"2025-04-29T18:25:30","date_gmt":"2025-04-29T16:25:30","guid":{"rendered":"https:\/\/sostariffe-internal.gruppomol.lcl\/news\/?p=403440"},"modified":"2025-05-06T22:34:39","modified_gmt":"2025-05-06T20:34:39","slug":"bonus-fibra-in-arrivo-in-studio-un-voucher-da-200-e-per-le-famiglie","status":"publish","type":"post","link":"https:\/\/www.sostariffe.it\/news\/bonus-fibra-in-arrivo-in-studio-un-voucher-da-200-e-per-le-famiglie-403440\/","title":{"rendered":"Bonus fibra in arrivo: in studio un voucher da 200 \u20ac per le famiglie"},"content":{"rendered":"<p>Il Governo pensa al lancio di un nuovo <strong>bonus fibra<\/strong> che prevede un voucher da<strong> 200 euro<\/strong> per il cablaggio della <strong>fibra ottica<\/strong>. Scopri tutti i dettagli e come ottenerlo<!--more--><\/p>\n<p>Per sostenere il settore delle telecomunicazioni in Italia si sta valutando un pacchetto di misure da <strong>629 milioni di euro<\/strong> che comprende anche un nuovo <strong>bonus fibra<\/strong>. Questa \u00e8 la proposta emersa dal Tavolo Tlc a cui hanno partecipato\u00a0i ministri per le Imprese e Made in Italy <strong>Adolfo Urso<\/strong> e del Lavoro e delle Politiche sociali <strong>Marina Calderone<\/strong>, insieme ai rappresentanti delle associazioni di categoria e delle organizzazioni sindacali.<\/p>\n<p>Il <strong>bonus fibra<\/strong> riguarder\u00e0 non solo i privati ma anche piccole, medie e grandi imprese. &#8220;<em>Il bacino potenziale di queste misure \u00e8 stimato in circa un milione e mezzo di cittadini e 35.000 imprese<\/em>&#8220;, ha detto il ministro Urso.<\/p>\n<p>Per trovare la <strong>migliore offerta fibra<\/strong> al prezzo pi\u00f9 basso vi basta cliccare sul tasto di seguito per confrontare gratuitamente le migliori proposte degli operatori di rete fissa con il <strong>comparatore di SOStariffe.it<\/strong> e attivarla poi comodamente online.<\/p>\n<p><a class=\"green-cta\" href=\"https:\/\/www.sostariffe.it\/internet-casa\/offerte-fibra-ottica\/\" target=\"_blank\" rel=\"noopener\">Confronta le offerte fibra <span style=\"text-align: right;\">\u00bb<\/span><\/a><\/p>\n<h2>Bonus fibra: come funziona e in cosa consiste<\/h2>\n<table style=\"border-collapse: collapse; width: 100%; height: 128px;\">\n<tbody>\n<tr style=\"height: 24px;\">\n<td style=\"width: 50%; height: 24px;\"><strong>Bonus fibra<\/strong><\/td>\n<td style=\"width: 50%; height: 24px;\"><strong>Dettagli<\/strong><\/td>\n<\/tr>\n<tr style=\"height: 56px;\">\n<td style=\"width: 50%; height: 56px;\"><strong>Privati<\/strong><\/td>\n<td style=\"width: 50%; height: 56px;\">\n<ul>\n<li><strong>200 <\/strong><strong style=\"font-family: inherit; font-size: inherit;\">\u20ac <\/strong>per il cablaggio in<strong style=\"font-family: inherit; font-size: inherit;\"> fibra ottica <\/strong>dei palazzi <span style=\"font-family: inherit; font-size: inherit;\">(140 milioni in totale)<\/span><\/li>\n<\/ul>\n<\/td>\n<\/tr>\n<tr style=\"height: 24px;\">\n<td style=\"width: 50%; height: 24px;\"><strong>PMI<\/strong><\/td>\n<td style=\"width: 50%; height: 24px;\">\n<ul>\n<li><strong>2.000 &#8211; 20.000<\/strong> <strong style=\"font-family: inherit; font-size: inherit;\">\u20ac <\/strong>per coprire il 50% dei costi per investire in cloud e cybersecurity (150 milioni in totale)<\/li>\n<\/ul>\n<\/td>\n<\/tr>\n<tr style=\"height: 24px;\">\n<td style=\"width: 50%; height: 24px;\"><strong>Grandi imprese<\/strong><\/td>\n<td style=\"width: 50%; height: 24px;\">\n<ul>\n<li><strong>201 milioni<\/strong> per sostenere la ricerca nel settore Tlc<\/li>\n<\/ul>\n<\/td>\n<\/tr>\n<\/tbody>\n<\/table>\n<p>Il <strong>bonus fibra<\/strong> dovrebbe prevedere un incentivo di <strong>200 euro<\/strong> per l&#8217;attivazione di una connessione in<strong> fibra ottica<\/strong>, per un totale di 140 milioni a disposizione degli operatori per portare la <strong>banda ultralarga<\/strong> nelle case degli italiani che ancora non hanno adeguata copertura.<\/p>\n<p>Il <strong>bonus fibra<\/strong> per le <strong>Piccole e medie imprese<\/strong>\u00a0dovrebbe consistere in un cifra da <strong>2.000 a 20.000 euro <\/strong>per coprire il 50% dei costi per gli investimenti in <strong>cloud e cybersecurity<\/strong>. Per le PMI sono stati stanziati fondi per 150 milioni di euro.<\/p>\n<p>Per le <strong>grandi imprese<\/strong>, invece, sono stati messi sul piatto 201 milioni per il sostegno alla ricerca e sviluppo nel settore delle telecomunicazioni, a partire da cavi sottomarini e le tecnologie quantistiche fino alla realt\u00e0 aumentata e virtuale.<\/p>\n<p>La restante parte del pacchetto prevede:<\/p>\n<ul>\n<li>42,7 milioni per la &#8220;desaturazione&#8221; della fibra ottica, ovvero per rinnovare le reti pubbliche e per i diritti d&#8217;uso di quelle private<\/li>\n<li>35 milioni per la digitalizzazione di 4.300 Comuni sotto i 50.000 abitanti<\/li>\n<li>2 milioni per potenziare il sistema Sinfi per la mappatura di cavi sottomarini, data center e aree industriali<\/li>\n<li>1,5 milioni per il catasto nazionale degli impianti<\/li>\n<li>3 milioni per la digitalizzazione definitiva del sistema nazionale di emergenza 112<\/li>\n<\/ul>\n<p>&#8220;<em>Gli interventi\u00a0<\/em> &#8211; ha aggiunto il ministro Urso &#8211; <em>verranno avviati nei prossimi quattro mesi dal <strong>Mimit<\/strong> secondo un calendario scadenzato gi\u00e0 definito<\/em>&#8220;.<\/p>\n<h3>Le reazioni dei sindacati<\/h3>\n<p>Il <strong>bonus fibra<\/strong> \u00e8 un primo passo ma secondo i sindacati serve molto di pi\u00f9 per far ripartire il settore. La situazione del mercato Tlc italiano non \u00e8 infatti affatto rosea. <strong>Massimo Sarmi,<\/strong> presidente di <strong>Asstel<\/strong>, sottolinea che il saldo di cassa \u00e8 calato di 10 miliardi e i ricavi sono scesi di oltre 7 miliardi tra il 2013 e il 2023 nonostante investimenti da parte degli operatori di 85 miliardi in dieci anni, in particolare per la realizzazione di reti a banda larga e <strong>5G<\/strong> e per l&#8217;acquisto de rinnovo delle licenze.<\/p>\n<p>&#8220;<em>Duecento euro per la cablatura verticale per la maggioranza degli edifici del nostro Paese rischiano di non essere sufficienti.<\/em> \u2013 sottolinea <strong>Riccardo Saccone<\/strong>, segretario generale di <strong>Slc Cgil<\/strong> \u2013 <em>Per quanto riguarda il resto delle misure, ci riserviamo di studiarle meglio e continueremo la nostra mobilitazione perch\u00e9 \u00e8 da quattro anni che diciamo che il settore \u00e8 in crisi<\/em>&#8220;.<\/p>\n<p>&#8220;<em>Le risorse da sole non bastano. Servono trasparenza, visione industriale e concretezza.\u00a0<\/em> &#8211; rincarano la dose la Segretaria confederale della <strong>Uil<\/strong>, <strong>Vera Buonomo<\/strong>, e il Segretario generale della <strong>Uilcom<\/strong>, <strong>Salvo Ugliarolo<\/strong> &#8211; <em>I fondi devono andare solo alle aziende che rispettano la condizionalit\u00e0 sociale, che non delocalizzano, che non licenziano e che applicano il contratto collettivo nazionale sottoscritto dalle organizzazioni comparativamente pi\u00f9 rappresentative<\/em>&#8220;. Uil e Uilcom insieme ad altre single sindacali quindi invitano ad &#8220;<em>affrontare una priorit\u00e0 non pi\u00f9 rinviabile: il rinnovo del <strong>contratto nazionale<\/strong>, fermo da oltre due anni e mezzo. Basta con le scorciatoie, e basta con il dumping contrattuale<\/em>&#8220;.<\/p>\n<h2>Le migliori offerte per la fibra al massimo della velocit\u00e0 di aprile 2025<\/h2>\n<table style=\"border-collapse: collapse; width: 100%; height: 456px;\">\n<tbody>\n<tr style=\"height: 24px;\">\n<td style=\"width: 33.3333%; height: 24px;\"><strong>Offerte fibra<\/strong><\/td>\n<td style=\"width: 33.3333%; height: 24px;\"><strong>Costi<\/strong><\/td>\n<td style=\"width: 33.3333%; height: 24px;\"><strong>Servizi inclusi<\/strong><\/td>\n<\/tr>\n<tr style=\"height: 152px;\">\n<td style=\"width: 33.3333%; height: 152px;\"><strong>Super Fibra di WindTre<\/strong><\/td>\n<td style=\"width: 33.3333%; height: 152px;\">\n<ul>\n<li><strong>24,99 \u20ac\/mese<\/strong><\/li>\n<li><strong>22,99 \u20ac\/mese <\/strong>per i gi\u00e0 clienti mobile<\/li>\n<li><strong>Attivazione gratis<\/strong><\/li>\n<\/ul>\n<\/td>\n<td style=\"width: 33.3333%; height: 152px;\">\n<ul>\n<li>navigazione fino a 2,5 Gbps in FTTH<\/li>\n<li>chiamate illimitate<\/li>\n<li>modem Wi-Fi incluso<\/li>\n<li><strong>Giga illimitati fino a 6 SIM<\/strong><\/li>\n<li><strong>12 mesi di Amazon Prime<\/strong><\/li>\n<\/ul>\n<\/td>\n<\/tr>\n<tr>\n<td style=\"width: 33.3333%;\"><strong>Sky WiFi<\/strong><\/td>\n<td style=\"width: 33.3333%;\">\n<ul>\n<li><strong>25,90 \u20ac\/mese per 12 mesi<\/strong><\/li>\n<li><strong>20,90 \u20ac\/mese per 18 mesi <\/strong>con offerta TV<\/li>\n<li>Attivazione a <strong>29 \u20ac<\/strong><\/li>\n<\/ul>\n<\/td>\n<td style=\"width: 33.3333%;\">\n<ul>\n<li>navigazione fino a 1 Gbps in FTTH<\/li>\n<li>chiamate illimitate<\/li>\n<li>modem Wi-Fi incluso<\/li>\n<li><strong>Sky TV + Sky Sport + Ultra HD<\/strong> a partire da <strong>9<\/strong> <strong>\u20ac\/mese per 18 mesi<\/strong><\/li>\n<\/ul>\n<\/td>\n<\/tr>\n<tr style=\"height: 128px;\">\n<td style=\"width: 33.3333%; height: 128px;\"><strong>Internet Unlimited Smart di Vodafone<\/strong><\/td>\n<td style=\"width: 33.3333%; height: 128px;\">\n<ul>\n<li><strong>27,95 \u20ac\/mese<\/strong><\/li>\n<li><strong>23,95 \u20ac\/mese <\/strong>per i gi\u00e0 clienti mobile<\/li>\n<li><strong>Attivazione gratis <\/strong>solo online<\/li>\n<\/ul>\n<\/td>\n<td style=\"width: 33.3333%; height: 128px;\">\n<ul>\n<li>navigazione fino a 2,5 Gbps in FTTH<\/li>\n<li>chiamate illimitate<\/li>\n<li>modem Wi-Fi incluso<\/li>\n<li>SIM dati c0n 50 GB al mese<\/li>\n<\/ul>\n<\/td>\n<\/tr>\n<tr style=\"height: 152px;\">\n<td style=\"width: 33.3333%; height: 152px;\"><strong>TIM WiFi Casa<\/strong><\/td>\n<td style=\"width: 33.3333%; height: 152px;\">\n<ul>\n<li><strong>24,90 \u20ac\/mese per 20 mesi<\/strong>, poi 29,90 \u20ac\/mese, entro il 29\/4\/25<\/li>\n<li><strong>24,90 \u20ac\/mese <\/strong>con offerta mobile attiva<\/li>\n<li><strong>Attivazione gratis<\/strong> solo online fino al 26\/4\/25<\/li>\n<\/ul>\n<\/td>\n<td style=\"width: 33.3333%; height: 152px;\">\n<ul>\n<li>navigazione fino a 2,5 Gbps in FTTH<\/li>\n<li>chiamate illimitate<\/li>\n<li>modem Wi-Fi incluso<\/li>\n<\/ul>\n<\/td>\n<\/tr>\n<\/tbody>\n<\/table>\n<p>In attesa di scoprire quando e se verr\u00e0 effettivamente erogato un <strong>bonus fibra<\/strong>, sul mercato sono gi\u00e0 disponibili diverse <a href=\"https:\/\/www.sostariffe.it\/internet-casa\/\"><strong>offerte fibra ottica<\/strong><\/a> a prezzi convenienti. Tra le migliori per una connessione veloce a un costo contenuto abbiamo:<\/p>\n<h3>Super Fibra di WindTre<\/h3>\n<ul>\n<li>navigazione illimitata fino a 2,5 Gbps in download e 500 Mbps in upload in fibra FTTH<\/li>\n<li>chiamate illimitate<\/li>\n<li>modem Wi-Fi 7 incluso (5,99 euro al mese per 48 mesi gi\u00e0 incluso nel canone mensile)<\/li>\n<li><strong>Giga illimitati fino a 3 SIM della famiglia<\/strong><\/li>\n<li><strong>12 mesi di Amazon Prime<\/strong><\/li>\n<li>Possibilit\u00e0 di aggiungere <strong>Unlimited Special<\/strong> con <strong>minuti e Giga illimitati<\/strong> al costo di <strong>7,99 euro al mese <\/strong>dopo l&#8217;attivazione della fibra<\/li>\n<\/ul>\n<p>Dopo aver <strong><a href=\"https:\/\/www.sostariffe.it\/internet-casa\/verifica-copertura\/\">verificato gratis la copertura su SOStariffe.it,<\/a><\/strong> potrete attivare l&#8217;offerta di <a href=\"https:\/\/www.sostariffe.it\/internet-casa\/offerte-adsl-fibra-windtre-infostrada\/\"><strong>WindTre<\/strong> <\/a>al prezzo di <strong>24,99 euro al mese<\/strong>, invece di 27,99 euro, solo online. Il contributo per l&#8217;<strong>attivazione \u00e8 gratis<\/strong>.<\/p>\n<p>Se siete gi\u00e0 clienti di <strong>WindTre<\/strong> per il mobile, il prezzo per la fibra diventa di <strong>22,99 euro al mese<\/strong>.<\/p>\n<p><a class=\"green-cta\" href=\"https:\/\/www.sostariffe.it\/tracker2.php?area=rate_widget&amp;id=8695&amp;sos_api_key=\" target=\"_blank\" rel=\"noopener\">Attiva Super Fibra di WindTre <span style=\"text-align: right;\">\u00bb<\/span><\/a><\/p>\n<h3>Sky WiFi<\/h3>\n<ul>\n<li>navigazione illimitata fino a 1 Gbps in download in fibra FTTH<\/li>\n<li>chiamate illimitate (solo online)<\/li>\n<li>modem Sky Wi-Fi hub<\/li>\n<\/ul>\n<p>Il prezzo per l&#8217;offerta di <a href=\"https:\/\/www.sostariffe.it\/internet-casa\/offerte-adsl-fibra-sky-wifi\/\"><strong>Sky WiFi<\/strong><\/a> \u00e8 di <strong>25,90 euro al mese per 12 mesi<\/strong>, poi si rinnova a 34,90 euro al mese. Il contributo per l&#8217;attivazione \u00e8 scontato a <strong>29 euro<\/strong>, invece di 49 euro.<\/p>\n<p>Potete poi abbinare alla fibra un pacchetto <strong>Sky TV + Sky Sport + Ultra HD<\/strong> a partire da <strong>9 euro al mese per 18 mesi<\/strong>. In questo caso il prezzo della rete fissa diventa di <strong>20,90 euro al mese per 18 mesi<\/strong>. Il contributo per l&#8217;attivazione per il decoder <strong>Sky Stream <\/strong>\u00e8 di<strong> 19 euro<\/strong> una tantum, invece di 99 euro.<\/p>\n<p>Al costo di <strong>5 euro al mese<\/strong> potete invece aggiungere anche il servizio <strong>Ultra WiFi<\/strong> con incluso il nuovo extender <strong>Sky Wifi Spot<\/strong>. Il contributo per l&#8217;attivazione \u00e8 incluso, invece di 50 euro.<\/p>\n<p><a class=\"green-cta\" href=\"https:\/\/www.sostariffe.it\/tracker2.php?area=rate_widget&amp;id=10035&amp;sos_api_key=\" target=\"_blank\" rel=\"noopener noreferrer\">Attiva Sky Wi-Fi <span style=\"text-align: right;\">\u00bb<\/span><\/a><\/p>\n<h3><strong>Internet Unlimited Smart di Vodafone<\/strong><\/h3>\n<ul>\n<li>navigazione illimitata fino a 2,5 Gbps in download in fibra FTTH<\/li>\n<li>chiamate illimitate<\/li>\n<li>modem con Wi-Fi ottimizzato e tecnologia &#8220;Sempre connessi&#8221;<\/li>\n<li>attivazione inclusa (5 euro al mese per 24 rate)<\/li>\n<li>SIM dati con 50 GB al mese<\/li>\n<\/ul>\n<p>Il prezzo per l&#8217;offerta di <a href=\"https:\/\/www.sostariffe.it\/internet-casa\/offerte-adsl-fibra-vodafone\/\"><strong>Vodafone<\/strong><\/a> \u00e8 di <strong>27,95 euro al mese <\/strong>solo online. Il contributo iniziale per l&#8217;<strong>attivazione \u00e8 gratis<\/strong>.<\/p>\n<p>Acquistandola con <strong>Telepass<\/strong> si hanno <strong>2 mensilit\u00e0 a canone zero per l&#8217;offerta fisso<\/strong> oltre a <strong>6 mesi di abbonamento a Telepass Sempre a zero euro<\/strong>, poi 3,90 euro al mese, e <strong>6 mesi di Assistenza Stradale Europa<\/strong>, poi 2,80 euro al mese. Non solo, \u00e8 previsto anche il <strong>50% di cashback<\/strong> sui pedaggi effettuati con Telepass fino a un limite massimo di 25 euro per 3 mesi (con un limite di 10 euro al mese).<\/p>\n<p><a class=\"green-cta\" href=\"https:\/\/www.sostariffe.it\/tracker2.php?area=rate_widget&amp;id=3029&amp;sos_api_key=\" target=\"_blank\" rel=\"noopener\">Attiva Internet Unlimited Smart <span style=\"text-align: right;\">\u00bb<\/span><\/a><\/p>\n<p>Se siete gi\u00e0 clienti di <strong>Vodafone<\/strong> per il mobile, il prezzo per la fibra diventa di <strong>23,95 euro al mese<\/strong>\u00a0in esclusiva online. I clienti convergenti (fisso pi\u00f9 mobile) possono poi attivare l&#8217;opzione <strong>Infinito Insieme<\/strong> per avere <strong>Giga illimitati in 5G fino a 6 SIM<\/strong> della famiglia senza costi aggiuntivi.<\/p>\n<p><a class=\"green-cta\" href=\"https:\/\/www.sostariffe.it\/tracker2.php?area=rate_widget&amp;id=10153&amp;sos_api_key=\" target=\"_blank\" rel=\"noopener\">Attiva l&#8217;offerta per clienti mobile <span style=\"text-align: right;\">\u00bb<\/span><\/a><\/p>\n<h3><strong>TIM WiFi Casa<\/strong><\/h3>\n<ul>\n<li>navigazione senza limiti fino a 2,5 Gbps in download in fibra FTTH<\/li>\n<li>chiamate illimitate<\/li>\n<li>modem TIM Hub Pro (5 euro al mese per 48 rate gi\u00e0 inclusi nel canone mensile)<\/li>\n<li><strong>bonus di 100 euro entro il 29\/4\/25<\/strong> (5 euro al mese per 20 mesi)<\/li>\n<\/ul>\n<p>Il prezzo dell&#8217;offerta di <a href=\"https:\/\/www.sostariffe.it\/internet-casa\/offerte-adsl-fibra-tim\/\"><strong>TIM<\/strong><\/a> grazie alla <strong>Promo Primavera <\/strong>\u00e8 di\u00a0<strong>24,90 euro al mese per 20 mesi<\/strong>, poi 29,90 euro al mese, acquistandola online entro il <strong>29\/4\/24<\/strong>. Il contributo per l&#8217;<strong>attivazione \u00e8 gratis<\/strong>, invece di 39,90 euro.<\/p>\n<p>Se siete gi\u00e0 clienti di <strong>TIM<\/strong> per il mobile con un&#8217;offerta dati attiva, il prezzo per la fibra diventa di\u00a0<strong>24,90 euro al mese <\/strong>senza vincoli di tempo.<\/p>\n<p>A partire da <strong>29,90 euro al mese<\/strong> potete aggiungere un abbonamento a <a href=\"https:\/\/www.sostariffe.it\/tv\/offerte-timvision\/\"><strong>TIMVISION<\/strong><\/a> per vedere film, serie TV, produzioni originali, il meglio della programmazione di La7 e di Mediaset dell&#8217;ultima settimana, Discovery+, Eurosport oltre ai contenuti di app di streaming popolari come <strong>Netflix, Disney+, Prime Video<\/strong> e<strong> DAZN<\/strong> con tutta la Serie A (10 partite su 10 per giornata). Avrete incluso anche il <strong>TIMVISION Box<\/strong> in comodato d&#8217;uso gratuito. Per l&#8217;offerta fibra pi\u00f9 TV il contributo per l&#8217;attivazione della fibra \u00e8 di <strong>39,90 euro<\/strong>.<\/p>\n<p><a class=\"green-cta\" href=\"https:\/\/www.sostariffe.it\/internet-casa\/offerte-adsl-fibra-tim\/\" target=\"_blank\" rel=\"noopener\">Attiva l&#8217;offerta fibra di TIM <span style=\"text-align: right;\">\u00bb<\/span><\/a><\/p>\n","protected":false},"excerpt":{"rendered":"<p>Il Governo pensa al lancio di un nuovo bonus fibra che prevede un voucher da 200 euro per il cablaggio della fibra ottica. Scopri tutti i dettagli e come ottenerlo<\/p>\n","protected":false},"author":72,"featured_media":403444,"comment_status":"open","ping_status":"open","sticky":false,"template":"","format":"standard","meta":{"footnotes":"","_links_to":"","_links_to_target":""},"categories":[22322],"tags":[],"acf":[],"_links":{"self":[{"href":"https:\/\/www.sostariffe.it\/news\/wp-json\/wp\/v2\/posts\/403440"}],"collection":[{"href":"https:\/\/www.sostariffe.it\/news\/wp-json\/wp\/v2\/posts"}],"about":[{"href":"https:\/\/www.sostariffe.it\/news\/wp-json\/wp\/v2\/types\/post"}],"author":[{"embeddable":true,"href":"https:\/\/www.sostariffe.it\/news\/wp-json\/wp\/v2\/users\/72"}],"replies":[{"embeddable":true,"href":"https:\/\/www.sostariffe.it\/news\/wp-json\/wp\/v2\/comments?post=403440"}],"version-history":[{"count":9,"href":"https:\/\/www.sostariffe.it\/news\/wp-json\/wp\/v2\/posts\/403440\/revisions"}],"predecessor-version":[{"id":403617,"href":"https:\/\/www.sostariffe.it\/news\/wp-json\/wp\/v2\/posts\/403440\/revisions\/403617"}],"wp:featuredmedia":[{"embeddable":true,"href":"https:\/\/www.sostariffe.it\/news\/wp-json\/wp\/v2\/media\/403444"}],"wp:attachment":[{"href":"https:\/\/www.sostariffe.it\/news\/wp-json\/wp\/v2\/media?parent=403440"}],"wp:term":[{"taxonomy":"category","embeddable":true,"href":"https:\/\/www.sostariffe.it\/news\/wp-json\/wp\/v2\/categories?post=403440"},{"taxonomy":"post_tag","embeddable":true,"href":"https:\/\/www.sostariffe.it\/news\/wp-json\/wp\/v2\/tags?post=403440"}],"curies":[{"name":"wp","href":"https:\/\/api.w.org\/{rel}","templated":true}]}}