{"id":402924,"date":"2025-04-01T15:45:52","date_gmt":"2025-04-01T13:45:52","guid":{"rendered":"https:\/\/sostariffe-internal.gruppomol.lcl\/news\/?p=402924"},"modified":"2025-04-01T15:42:42","modified_gmt":"2025-04-01T13:42:42","slug":"ora-legale-un-modo-per-ridurre-la-bolletta-ecco-come-risparmiare","status":"publish","type":"post","link":"https:\/\/www.sostariffe.it\/news\/ora-legale-un-modo-per-ridurre-la-bolletta-ecco-come-risparmiare-402924\/","title":{"rendered":"Ora Legale: un modo per ridurre la bolletta? Ecco come risparmiare"},"content":{"rendered":"<p>La riduzione dei consumi e, in particolare, il taglio degli sprechi \u00e8 uno dei sistemi pi\u00f9 efficaci per risparmiare sulle bollette. Come ogni anno, il <strong>ritorno dell&#8217;Ora legale<\/strong> e il conseguente spostamento delle lancette rappresentano un&#8217;occasione per tornare a parlare di risparmio energetico e delle opzioni a disposizione degli utenti finali per poter alleggerire la bolletta.<\/p>\n<p><!--more--><\/p>\n<p>Con il r<strong>itorno dell&#8217;ora legale<\/strong>, avvenuto pochi giorni fa, sono state spostate le lancette un&#8217;ora avanti. Di conseguenza, la sera fa buio pi\u00f9 tardi mentre la mattina le prime luci dell&#8217;alba arrivano dopo. Come ogni anno, il passaggio dall&#8217;ora solare all&#8217;ora legale \u00e8 un momento utile per valutare l&#8217;efficacia della normativa sull&#8217;orario, con un&#8217;attenzione particolare sull&#8217;effettivo risparmio energetico garantito.<\/p>\n<p>Ricordiamo, in ogni caso, che per<strong> ridurre le bollette<\/strong> \u00e8 essenziale <strong>ridurre il costo dell&#8217;energia<\/strong> al minimo possibile. Solo in questo modo, infatti, \u00e8 possibile ottenere il risparmio massimo. Il taglio degli sprechi e lo sfruttamento dei possibili vantaggi garantiti dalla reintroduzione dell&#8217;ora legale hanno un impatto in bolletta nettamente inferiore a quello che pu\u00f2 avere il passaggio alla migliore tariffa disponibile.<\/p>\n<p>Per <strong>scegliere l&#8217;offerta giusta<\/strong> \u00e8 fondamentale puntare sulle proposte disponibili sul <strong>comparatore di SOStariffe.it<\/strong> per <a href=\"https:\/\/www.sostariffe.it\/energia-elettrica\/\">offerte luce<\/a>. Basta inserire una stima del proprio consumo annuo (il dato \u00e8 sempre riportato in bolletta ma pu\u00f2 essere stimato anche tramite il tool di calcolo del comparatore) per individuare subito qual \u00e8 l&#8217;offerta giusta da attivare.<\/p>\n<p>Con le<strong> offerte del Mercato Libero<\/strong>, inoltre, c&#8217;\u00e8 anche la possibilit\u00e0 di bloccare il costo dell&#8217;energia per almeno un anno, andando a proteggersi da possibili rincari futuri. Per tutti i dettagli in merito basta premere sul box qui di sotto e accedere subito alla comparazione.<\/p>\n<p><a class=\"green-cta\" href=\"https:\/\/www.sostariffe.it\/energia-elettrica\/\" target=\"_blank\" rel=\"noopener\">Scopri qui le migliori offerte luce <span style=\"text-align: right;\">\u00bb<\/span><\/a><\/p>\n<h2>Si risparmia con l&#8217;ora legale?<\/h2>\n<table style=\"border-collapse: collapse; width: 100%; height: 72px;\">\n<tbody>\n<tr style=\"height: 24px;\">\n<td style=\"width: 50%; height: 24px;\"><strong>ORA LEGALE<\/strong><\/td>\n<td style=\"width: 50%; height: 24px;\"><strong>LE DATE DA RICORDARE<\/strong><\/td>\n<\/tr>\n<tr style=\"height: 24px;\">\n<td style=\"width: 50%; height: 24px;\">Entrata in vigore dell&#8217;<strong>ora legale<\/strong><\/td>\n<td style=\"width: 50%; height: 24px;\">30 marzo 2025<\/td>\n<\/tr>\n<tr style=\"height: 24px;\">\n<td style=\"width: 50%; height: 24px;\">Ritorno dell&#8217;<strong>ora solare<\/strong><\/td>\n<td style=\"width: 50%; height: 24px;\">26 ottobre 2025<\/td>\n<\/tr>\n<\/tbody>\n<\/table>\n<p>Il ritorno all&#8217;ora legale pu\u00f2 garantire un risparmio energetico importante al sistema energetico italiano, inteso in tutta la sua interessa. Le stime fornite da Terna, infatti, evidenziano come i <strong>sette mesi di validit\u00e0 dell&#8217;ora legale<\/strong> (che terminer\u00e0 a fine ottobre, con il ripristino dell&#8217;ora solare) garantiranno un <strong>risparmio di 340 milioni di kWh<\/strong> per il sistema elettrico nazionale.<\/p>\n<p>Questa riduzione dei consumi \u00e8 strettamente legata alle <strong>abitudini di consumo di energia<\/strong>, in buona parte legate all&#8217;orario. Spostando le lancette, \u00e8 possibile ottenere una riduzione dei consumi complessivi che si traduce in un risparmio di circa 100 milioni di euro all&#8217;anno per il Paese. Il risparmio economico non \u00e8 l&#8217;unico fattore da considerare.<\/p>\n<p>Il passaggio all&#8217;ora legale, infatti, permette di ridurre il ricorso ai combustibili fossili e, quindi, <strong>tagliare le emissioni di CO2<\/strong> in atmosfera. In questo caso, la stima di risparmio \u00e8 di <strong>circa 160.000 tonnellate<\/strong> di CO2 in meno grazie al passaggio all&#8217;ora legale per sette mesi. Questo dato equivale alle emissioni prodotte da circa 125.000 famiglie italiane nel corso di un anno.<\/p>\n<p>L&#8217;ora legale pu\u00f2 avere anche altri vantaggi come, ad esempio, un<strong> impatto sulla salute e sull&#8217;umore<\/strong>, grazie alla possibilit\u00e0 di sfruttare pi\u00f9 ore di luce durante le ore pomeridiane e serali. Questi effetti sono stati analizzati da Sima (Societ\u00e0 Italiana di Medicina Ambientale).<\/p>\n<p>Si tratta, per\u00f2, di vantaggi che non possono essere tradotti in statistiche. In futuro, inoltre, si parla di una possibile <strong>ora legale permanente<\/strong> che potrebbe modificare la distribuzione delle ore di luce e di buio durante l&#8217;autunno e l&#8217;inverno. Novit\u00e0 in tal senso potrebbero arrivare nel corso dei prossimi mesi.<\/p>\n<h2>Ora legale e bollette: come risparmiare<\/h2>\n<p>I dati confermano che l&#8217;ora legale pu\u00f2 garantire un certo grado di risparmio in bolletta, ritardando\u00a0 l&#8217;accensione delle luci la sera, ad esempio. Il semplice cambio di orario pu\u00f2 garantire agli utenti finali una <strong>piccola riduzione dei consumi complessivi<\/strong>, anche s<strong>enza cambiare le proprie abitudini<\/strong>.<\/p>\n<p>Per <strong>massimizzare<\/strong> il <strong>risparmio<\/strong>, in ogni caso, \u00e8 necessario sfruttare tutte le opzioni e gli strumenti a propria disposizione:<\/p>\n<ul>\n<li>per prima cosa bisogna <strong>attivare<\/strong> una delle <a href=\"https:\/\/www.sostariffe.it\/energia-elettrica\/\">migliori offerte luce<\/a> sul mercato in modo da ridurre al minimo il costo dell&#8217;energia; si tratta di una condizione necessaria per minimizzare il costo delle bollette<\/li>\n<li>\u00e8 possibile, inoltre, valutare delle <strong>tariffe multi-orarie<\/strong> che offrono un costo dell&#8217;energia pi\u00f9 basso di sera e nei week end per ridurre il costo finale; queste tariffe sono vantaggiose solo se si riesce a concentrare una porzione significativa dei consumi nelle fasce orarie in cui l&#8217;energia costa meno; per controllare la suddivisione dei propri consumi nelle fasce orarie basta consultare l&#8217;ultima bolletta<\/li>\n<li>\u00e8 necessario <strong>puntare sull&#8217;efficienza energetica<\/strong> e, quindi, scegliere elettrodomestici e apparecchiature ad alta efficienza in modo da ridurre al minimo i consumi<\/li>\n<li>chi ha un <strong>impianto<\/strong> <strong>fotovoltaico<\/strong> deve adattare i propri consumi in modo tale da <strong>massimizzare l&#8217;auto-consumo<\/strong> e ridurre al minimo il prelievo dalla rete (si tratta di una condizione fondamentale per sfruttare al massimo l&#8217;investimento nel fotovoltaico)<\/li>\n<\/ul>\n<p>Adottando questi accorgimenti ed evitando gli sprechi di energia elettrica \u00e8 possibile\u00a0 ridurre i consumi e alleggerire le bollette in estate, anche grazie all&#8217;aiuto garantito dal passaggio all&#8217;ora legale che ci terr\u00e0 compagnia fino al prossimo mese di ottobre.<\/p>\n<p>Per ridurre al minimo le bollette \u00e8 fondamentale poter contare sulle <strong>migliori offerte luce<\/strong> disponibili sul Mercato Libero<strong>.<\/strong> Il modo pi\u00f9 semplice per scegliere queste offerte \u00e8 rappresentato dal comparatore di <strong>SOStariffe.it <\/strong>che mette a confronto le opzioni disponibili aiutando gli utenti nella scelta delle promo pi\u00f9 vantaggiose.<\/p>\n<p><a class=\"green-cta\" href=\"https:\/\/www.sostariffe.it\/energia-elettrica\/\" target=\"_blank\" rel=\"noopener\">Scopri qui le migliori offerte luce <span style=\"text-align: right;\">\u00bb<\/span><\/a><\/p>\n","protected":false},"excerpt":{"rendered":"<p>La riduzione dei consumi e, in particolare, il taglio degli sprechi \u00e8 uno dei sistemi pi\u00f9 efficaci per risparmiare sulle bollette. Come ogni anno, il ritorno dell&#8217;Ora legale e il conseguente spostamento delle lancette rappresentano un&#8217;occasione per tornare a parlare di risparmio energetico e delle opzioni a disposizione degli utenti finali per poter alleggerire la [&hellip;]<\/p>\n","protected":false},"author":47,"featured_media":402925,"comment_status":"open","ping_status":"open","sticky":false,"template":"","format":"standard","meta":{"footnotes":"","_links_to":"","_links_to_target":""},"categories":[1095],"tags":[],"acf":[],"_links":{"self":[{"href":"https:\/\/www.sostariffe.it\/news\/wp-json\/wp\/v2\/posts\/402924"}],"collection":[{"href":"https:\/\/www.sostariffe.it\/news\/wp-json\/wp\/v2\/posts"}],"about":[{"href":"https:\/\/www.sostariffe.it\/news\/wp-json\/wp\/v2\/types\/post"}],"author":[{"embeddable":true,"href":"https:\/\/www.sostariffe.it\/news\/wp-json\/wp\/v2\/users\/47"}],"replies":[{"embeddable":true,"href":"https:\/\/www.sostariffe.it\/news\/wp-json\/wp\/v2\/comments?post=402924"}],"version-history":[{"count":3,"href":"https:\/\/www.sostariffe.it\/news\/wp-json\/wp\/v2\/posts\/402924\/revisions"}],"predecessor-version":[{"id":402928,"href":"https:\/\/www.sostariffe.it\/news\/wp-json\/wp\/v2\/posts\/402924\/revisions\/402928"}],"wp:featuredmedia":[{"embeddable":true,"href":"https:\/\/www.sostariffe.it\/news\/wp-json\/wp\/v2\/media\/402925"}],"wp:attachment":[{"href":"https:\/\/www.sostariffe.it\/news\/wp-json\/wp\/v2\/media?parent=402924"}],"wp:term":[{"taxonomy":"category","embeddable":true,"href":"https:\/\/www.sostariffe.it\/news\/wp-json\/wp\/v2\/categories?post=402924"},{"taxonomy":"post_tag","embeddable":true,"href":"https:\/\/www.sostariffe.it\/news\/wp-json\/wp\/v2\/tags?post=402924"}],"curies":[{"name":"wp","href":"https:\/\/api.w.org\/{rel}","templated":true}]}}