{"id":400736,"date":"2025-02-05T10:20:26","date_gmt":"2025-02-05T09:20:26","guid":{"rendered":"https:\/\/sostariffe-internal.gruppomol.lcl\/news\/?p=400736"},"modified":"2025-02-05T22:45:38","modified_gmt":"2025-02-05T21:45:38","slug":"caro-energia-litalia-esporta-elettricita-e-aiuta-la-germania-cosa-e-successo","status":"publish","type":"post","link":"https:\/\/www.sostariffe.it\/news\/caro-energia-litalia-esporta-elettricita-e-aiuta-la-germania-cosa-e-successo-400736\/","title":{"rendered":"Caro energia: l\u2019Italia esporta elettricit\u00e0 e aiuta la Germania, cosa \u00e8 successo"},"content":{"rendered":"<p>Pi\u00f9 esportazioni di elettricit\u00e0 dall\u2019Italia aiutano la Germania e i Paesi dell\u2019Europa centrale a fronteggiare il <strong>caro energia<\/strong>. Ecco il caso a febbraio 2025 e come difendersi dai rialzi in bolletta scegliendo le <strong>offerte luce e gas<\/strong> a prezzo fisso pi\u00f9 convenienti tra quelle proposte dalle societ\u00e0 partner del <strong>comparatore di SOStariffe.it<\/strong>.<!--more--><\/p>\n<p>L\u2019Italia aiuta la Germania ad affrontare il <strong>caro energia<\/strong> aumentando le esportazioni di questa materia prima verso l\u2019Europa. Una mano tesa che, nelle ultime settimane, ha permesso di sopperire alla riduzione dell\u2019offerta elettrica causata da un tonfo nella produzione da fonti rinnovabili nella locomotiva tedesca.<\/p>\n<p>Prima di capire nel dettaglio come e perch\u00e9 il <a href=\"https:\/\/www.sostariffe.it\/news\/bollette-luce-e-gas-come-cambieranno-da-gennaio-2025-399367\/\"><strong>caro energia<\/strong><\/a> di questo avvio di 2025 abbia favorito (l\u2019insolita) accelerazione dell\u2019export tricolore, ricordiamo che una mossa vincente per ripararti dal rialzo delle bollette da nord a sud della Penisola \u00e8 quella di sottoscrivere <a href=\"https:\/\/www.sostariffe.it\/energia-elettrica-gas\/guide\/tariffe-prezzo-fisso-luce-e-gas-le-offerte-a-costo-bloccato\"><strong>offerte luce e gas a prezzo fisso<\/strong><\/a> del <a href=\"https:\/\/www.sostariffe.it\/energia-elettrica-gas\/faq\/cosa-succede-se-non-si-aderisce-al-mercato-libero-luce-e-gas\"><strong>Mercato Libero<\/strong><\/a>.<\/p>\n<p>Queste tariffe ti permettono di bloccare il <a href=\"https:\/\/www.sostariffe.it\/energia-elettrica-gas\/faq\/costo-kwh-kilowattora-quanto-costa-l-energia-elettrica\"><strong>costo kWh<\/strong><\/a> e il <a href=\"https:\/\/www.sostariffe.it\/energia-elettrica-gas\/faq\/quanto-costa-un-metro-cubo-smc-di-gas-metano\"><strong>costo metano al metro cubo<\/strong><\/a> per un lungo periodo di tempo (generalmente 12 o 24 mesi). Il risultato? Il prezzo di energia elettrica e metano stabilito in fase di attivazione dell\u2019offerta rester\u00e0 invariato per tutta la durata del vincolo contrattuale, pur in presenza di un incremento dei beni energetici all\u2019ingrosso.<\/p>\n<p>Come trovare offerte luce e gas a prezzo bloccato convenienti? Utilizzando il <strong>comparatore di SOStariffe.it <\/strong>(link qui sotto), che setaccia per te le soluzioni proposte dai <a href=\"https:\/\/www.sostariffe.it\/energia-elettrica-gas\/fornitori-energetici\/\"><strong>gestori energetici<\/strong><\/a> partner a febbraio 2025 e trova quelle pi\u00f9 vantaggiose sulla base del profilo di consumo della tua famiglia.<\/p>\n<p><a class=\"green-cta\" href=\"https:\/\/www.sostariffe.it\/energia-elettrica-gas\/\" target=\"_blank\" rel=\"noopener\">CONFRONTA LE OFFERTE LUCE E GAS <span style=\"\u201ctext-align: right&quot;;\">\u00bb<\/span><\/a><\/p>\n<p>Se non hai la minima idea di quale sia il fabbisogno annuale della tua famiglia, non preoccuparti: puoi trovare questa informazione in una bolletta recente, oppure puoi calcolarne una stima impostando i filtri integrati nel comparatore stesso, accessibili dal widget qui sotto:<\/p>\n<p>[WIDGET-ENERGY]<\/p>\n<h2>Caro energia e il peso dell\u2019export italiano: il caso a febbraio 2025<\/h2>\n<table style=\"border-collapse: collapse; width: 100%; height: 240px;\">\n<tbody>\n<tr style=\"height: 24px;\">\n<td style=\"width: 50%; height: 24px; text-align: center;\"><strong>LE DOMANDE<\/strong><\/td>\n<td style=\"width: 50%; height: 24px; text-align: center;\"><strong>LE RISPOSTE<\/strong><\/td>\n<\/tr>\n<tr style=\"height: 48px;\">\n<td style=\"width: 50%; height: 48px;\"><strong>In che modo l\u2019Italia ha aiutato la Germania ad affrontare il caro energia?<\/strong><\/td>\n<td style=\"width: 50%; height: 48px;\">Aumentando le <strong>esportazioni di elettricit\u00e0<\/strong> verso i Paesi dell\u2019Europa centrale<\/td>\n<\/tr>\n<tr style=\"height: 48px;\">\n<td style=\"width: 50%; height: 48px;\"><strong>Perch\u00e9 i prezzi di energia elettrica hanno toccato cifre record in Germania e nell\u2019Europa centrale?<\/strong><\/td>\n<td style=\"width: 50%; height: 48px;\">A causa della carenza di offerta per il<strong> tonfo della produzione elettrica da fonti green<\/strong> in Germania<\/td>\n<\/tr>\n<tr style=\"height: 48px;\">\n<td style=\"width: 50%; height: 48px;\"><strong>Perch\u00e9 la crisi elettrica nella locomotiva d&#8217;Europa ha un effetto domino in Europa?<\/strong><\/td>\n<td style=\"width: 50%; height: 48px;\">Perch\u00e9 la Germania \u00e8 <strong>top esportatore<\/strong> di energia<\/td>\n<\/tr>\n<tr style=\"height: 48px;\">\n<td style=\"width: 50%; height: 48px;\"><strong>Quando si \u00e8 verificato il picco dei prezzi in Germania?<\/strong><\/td>\n<td style=\"width: 50%; height: 48px;\">Alle ore 18 del 12\/12\/2024, quando l\u2019energia \u00e8 arrivata a costare <strong>936 \u20ac\/MWh<\/strong><\/td>\n<\/tr>\n<tr style=\"height: 24px;\">\n<td style=\"width: 50%; height: 24px;\"><strong>Quanto costava l\u2019energia in Italia in quella data?<\/strong><\/td>\n<td style=\"width: 50%; height: 24px;\">L&#8217;elettricit\u00e0 costava <strong>277 \u20ac\/MWh<\/strong> nella zona Nord dell\u2019Italia<\/td>\n<\/tr>\n<\/tbody>\n<\/table>\n<p>Secondo il quotidiano economico \u201cIl Sole 24 Ore\u201d, l\u2019Italia ha registrato nelle ultime settimane un <strong>balzo all\u2019ins\u00f9<\/strong> delle esportazioni di energia elettrica ai Paesi dell\u2019Europa centrale, soprattutto alla <strong>Germania<\/strong>.<\/p>\n<p>Questo trend, insolito per la nostra Penisola che tradizionalmente importa elettricit\u00e0 pi\u00f9 che esportarla, \u00e8 una conseguenza del <strong>caro energia<\/strong> che si sta registrando nella locomotiva d\u2019Europa (top esportatore di energia) a causa della carenza di offerta per il tonfo della produzione rinnovabile.<\/p>\n<p>I numeri snocciolati da \u201cIl Sole 24 Ore\u201d confermano questa escalation dei prezzi a cavallo tra la fine del 2024 e l\u2019inizio del nuovo anno: ad esempio, alle ore 18 del 12 dicembre la Germania ha registrato il picco maggiore, con il prezzo dell\u2019energia elettrica che ha toccato la quota record di <strong>936 euro per megawattora<\/strong> (MWh).<\/p>\n<p>Parabola all\u2019ins\u00f9 delle tariffe (oltre 800 \u20ac\/MWh) anche per altri Paesi:<\/p>\n<ul>\n<li>dell\u2019Europa centrale (tra cui Austria, Slovenia, Repubblica Ceca, Ungheria);<\/li>\n<li>dei Balcani (Croazia e Bulgaria);<\/li>\n<li>della Scandinavia.<\/li>\n<\/ul>\n<p>Prezzi alle stelle anche alle 18 del 20 gennaio 2025, quando l\u2019energia elettrica in Germania ha raggiunto i 583 \u20ac\/MWh con un effetto domino in Europa Centrale e in Gran Bretagna (673 \u20ac\/MWh). Questa \u201cfiammata\u201d dei prezzi nei giorni sopra indicati \u00e8 stata alimentata dall\u2019improvviso tonfo della <strong>produzione di energia rinnovabile<\/strong> in <strong>Germania<\/strong>, esportatore di peso di questa materia prima.<\/p>\n<p>In particolare, <strong>vento scarso e nuvolosit\u00e0 elevata<\/strong> hanno fatto scendere in picchiata la produzione eolica e solare. Tra l\u201911 e il 12 dicembre 2024, riporta sempre \u201cIl Sole 24 Ore\u201d, l\u2019energia generata da queste due fonti alternative in Germania \u00e8 scesa sotto i <strong>2.000 megawatt<\/strong>, contro i 30.000 megawatt prodotti nei giorni precedenti. A fotocopia anche l\u2019andamento il 20 gennaio 2025: l\u2019apporto dell\u2019eolico \u00e8 stato inferiore ai 2.000 MW, a fronte di una produzione di oltre 45.000 MW agli inizi di gennaio.<\/p>\n<p>Tuttavia, grazie alla rete di trasmissione europea e ai volumi di energia elettrica (a prezzi pi\u00f9 competitivi) in arrivo dall\u2019Italia, la Germania ha potuto affrontare il caro energia.<\/p>\n","protected":false},"excerpt":{"rendered":"<p>Pi\u00f9 esportazioni di elettricit\u00e0 dall\u2019Italia aiutano la Germania e i Paesi dell\u2019Europa centrale a fronteggiare il caro energia. Ecco il caso a febbraio 2025 e come difendersi dai rialzi in bolletta scegliendo le offerte luce e gas a prezzo fisso pi\u00f9 convenienti tra quelle proposte dalle societ\u00e0 partner del comparatore di SOStariffe.it.<\/p>\n","protected":false},"author":108,"featured_media":400742,"comment_status":"open","ping_status":"open","sticky":false,"template":"","format":"standard","meta":{"footnotes":"","_links_to":"","_links_to_target":""},"categories":[1095,1098],"tags":[],"acf":[],"_links":{"self":[{"href":"https:\/\/www.sostariffe.it\/news\/wp-json\/wp\/v2\/posts\/400736"}],"collection":[{"href":"https:\/\/www.sostariffe.it\/news\/wp-json\/wp\/v2\/posts"}],"about":[{"href":"https:\/\/www.sostariffe.it\/news\/wp-json\/wp\/v2\/types\/post"}],"author":[{"embeddable":true,"href":"https:\/\/www.sostariffe.it\/news\/wp-json\/wp\/v2\/users\/108"}],"replies":[{"embeddable":true,"href":"https:\/\/www.sostariffe.it\/news\/wp-json\/wp\/v2\/comments?post=400736"}],"version-history":[{"count":6,"href":"https:\/\/www.sostariffe.it\/news\/wp-json\/wp\/v2\/posts\/400736\/revisions"}],"predecessor-version":[{"id":400821,"href":"https:\/\/www.sostariffe.it\/news\/wp-json\/wp\/v2\/posts\/400736\/revisions\/400821"}],"wp:featuredmedia":[{"embeddable":true,"href":"https:\/\/www.sostariffe.it\/news\/wp-json\/wp\/v2\/media\/400742"}],"wp:attachment":[{"href":"https:\/\/www.sostariffe.it\/news\/wp-json\/wp\/v2\/media?parent=400736"}],"wp:term":[{"taxonomy":"category","embeddable":true,"href":"https:\/\/www.sostariffe.it\/news\/wp-json\/wp\/v2\/categories?post=400736"},{"taxonomy":"post_tag","embeddable":true,"href":"https:\/\/www.sostariffe.it\/news\/wp-json\/wp\/v2\/tags?post=400736"}],"curies":[{"name":"wp","href":"https:\/\/api.w.org\/{rel}","templated":true}]}}