{"id":398291,"date":"2024-12-05T16:00:44","date_gmt":"2024-12-05T15:00:44","guid":{"rendered":"https:\/\/sostariffe-internal.gruppomol.lcl\/news\/?p=398291"},"modified":"2024-12-08T23:25:17","modified_gmt":"2024-12-08T22:25:17","slug":"telecomunicazioni-nuova-legge-ue-per-regolare-cloud-e-banda-larga","status":"publish","type":"post","link":"https:\/\/www.sostariffe.it\/news\/telecomunicazioni-nuova-legge-ue-per-regolare-cloud-e-banda-larga-398291\/","title":{"rendered":"Telecomunicazioni, nuova legge UE per regolare cloud e banda larga"},"content":{"rendered":"<p>La <strong>Commissaria alla Sovranit\u00e0 tecnologica<\/strong> lamenta ritardi nel settore delle <strong>telecomunicazioni<\/strong> europeo in termini di connettivit\u00e0 e capacit\u00e0 informatiche. Scopri i piani dell&#8217;Ue per <strong>cloud<\/strong> e <strong>banda ultralarga<\/strong><!--more--><\/p>\n<p>L&#8217;Ue ha bisogno di investire nel settore delle <strong>telecomunicazioni<\/strong> per colmare il ritardo in termini di &#8220;<em>connettivit\u00e0 intelligente e sicura<\/em>&#8221; e in particolare per il <strong>6G<\/strong>. Questa \u00e8 la panoramica descritta dalla vicepresidente esecutiva della Commissione europea designata alla sovranit\u00e0 tecnologica, la sicurezza e la democrazia, <strong>Henna Virkkunen<\/strong>, in audizione al Parlamento europeo.<\/p>\n<p>&#8220;<em>Voglio che l\u2019Europa sia il continente dell\u2019<strong>AI<\/strong>, il miglior posto nel mondo per sviluppare <strong>intelligenza artificiale<\/strong> affidabile e avanzata<\/em>&#8220;, ha spiegato la commissaria che ha lanciato la proposta di una &#8220;<em>legge sulle reti digitali per promuovere la <strong>banda larga ad alta velocit\u00e0<\/strong> per tutti<\/em>&#8221; ma anche per lo &#8220;<em>sviluppo del <strong>cloud europeo<\/strong> e dell\u2019<strong>intelligenza artificiale<\/strong> per migliorare servizi cloud e rafforzare capacit\u00e0 informatiche in potenza di calcolo<\/em>&#8220;.<\/p>\n<p><a class=\"green-cta\" href=\"https:\/\/www.sostariffe.it\/internet-casa\/offerte-adsl\/\" target=\"_blank\" rel=\"noopener\">Scopri le migliori offerte fisso <span style=\"text-align: right;\">\u00bb<\/span><\/a><\/p>\n<h2>Telecomunicazioni, il quadro regolativo in Ue deve essere rinnovato<\/h2>\n<p>Per favorire l&#8217;evoluzione del settore delle <strong>telecomunicazioni<\/strong> europeo, spiega Virkkunen, serve soprattutto\u00a0&#8220;s<em>burocratizzare, facilitare le aziende e le piccole e medie imprese, perch\u00e9 regolamentiamo troppo i nostri mercati. L\u2019Ue \u00e8 spesso criticata perch\u00e9 crea troppa burocrazia per cittadini e aziende: ridurre l\u2019onere amministrativo sar\u00e0 una priorit\u00e0<\/em>&#8220;. La sicurezza resta la priorit\u00e0.\u00a0&#8220;<em>Se confermata,\u00a0 &#8211;<\/em> ha spiegato la commissaria &#8211; <em>proporr\u00f2 nei primi 100 giorni insieme al <strong>commissario alla Salute<\/strong> un piano d\u2019azione sulla <strong>cybersicurezza<\/strong> di ospedali e fornitori di servizi ospedalieri. \u00c8 importante che le tecnologie che sviluppiamo come quelle quantiche non vengano utilizzate contro di noi, per questo dobbiamo contrastare la fuoriuscita verso Paesi pericolosi. Dobbiamo garantire che la sicurezza delle nostre comunicazioni dei cloud e dei dispositivi connessi siano nelle mani di venditori e commercianti affidabili: far\u00f2 proposte anche per aumentare la sicurezza dei cavi sottomarini<\/em>&#8220;.<\/p>\n<p>Sicurezza significa anche il rispetto delle regole europee con particolare attenzione alla <strong>legge sui mercati digitali<\/strong> (<strong>DMA<\/strong> &#8211; Digital Markets Act) e quella sui <strong>servizi digitali<\/strong> (<strong>DSA<\/strong> &#8211; Digital Services Act) &#8220;<em>indipendentemente dalle possibili pressioni e minacce degli Stati Uniti e della sua nuova amministrazione<\/em>&#8220;. Il commento di Virkkuken si riferisce non troppo velatamente anche al patron di <strong>Tesla <\/strong>e<strong> X<\/strong>,<strong> Elon Musk<\/strong>.<\/p>\n<p>Parlando delle limitazioni all&#8217;utilizzo delle apparecchiature per le telecomunicazioni da parte di <strong>aziende cinesi<\/strong>, che sono obbligati a condividere i dettagli delle loro attivit\u00e0 con Pechino, la Commissaria lamenta la scarsit\u00e0 di esperti in <strong>cybersecurity<\/strong> e di regolamentazione adeguata, sottolineando poi come &#8220;<em>il 42% degli europei che usa il <strong>5G<\/strong> si affida a una comunicazione che \u00e8 trasmessa da apparecchiature radio di fornitori ad alto rischio. Solo 12 Stati membri hanno imposto obblighi ai fornitori per ridurre livello di rischio e non fare pi\u00f9 affidamento sui fornitori ad alto rischio. Gli Stati non hanno preso sul serio la questione e lo far\u00f2 presente quando l\u2019anno prossimo affronteremo la revisione della normativa del <strong>Cybersecurity Act<\/strong>&#8220;<\/em>.<\/p>\n<p>Parlando di <strong>banda ultralarga in Italia<\/strong>, dal confronto tra <strong>Open Fiber<\/strong> e gli amministratori locali \u00e8 emerso che la copertura in <a href=\"https:\/\/www.sostariffe.it\/news\/fibra-ottica-in-piu-di-5000-comuni-ma-spesso-i-cittadini-non-sono-a-conoscenza-della-disponibilita-398009\/\"><strong>fibra FTTH (Fiber the Home)<\/strong><\/a> \u00e8 abbastanza diffusa ma spesso gli utenti non sono a conoscenza di poter usufruire di una connessione ad alta velocit\u00e0. Allo stesso tempo per\u00f2 si studiano soluzione innovative come la sperimentazione per la<a href=\"https:\/\/www.sostariffe.it\/news\/la-fibra-ottica-a-100-giga-non-e-piu-fantascienza-il-primo-test-in-italia-di-open-fiber-397983\/\"><strong> fibra fino a 100 Gbps<\/strong><\/a> iniziata nei giorni scorsi da <strong>Open Fiber<\/strong> nella sua sede di Roma.<\/p>\n<p>Nel frattempo la candidata spagnola al ruolo di vicepresidente esecutiva della Commissione Ue, <strong>Teresa Ribera Rodr\u00edguez<\/strong>, nella sua audizione al Parlamento ha annunciato l&#8217;impegno a una riforma della politica di concorrenza comunitaria per renderla pi\u00f9 facilmente applicabile. L&#8217;obiettivo \u00e8 anche quello di semplificare le norme per gli aiuti di Stato e frenare le acquisizioni che impediscono l&#8217;innovazione nelle <strong>telecomunicazioni<\/strong>.<\/p>\n<h2>Le migliori offerte fibra disponibili sul comparatore di SOStariffe.it a dicembre 2024<\/h2>\n<table style=\"border-collapse: collapse; width: 100%; height: 362px;\">\n<tbody>\n<tr style=\"height: 24px;\">\n<td style=\"width: 20%; text-align: center; height: 24px;\"><strong>Offerte fibra<\/strong><\/td>\n<td style=\"width: 12.4107%; text-align: center; height: 24px;\"><strong>Costo mensile<\/strong><\/td>\n<td style=\"width: 7.58929%; text-align: center; height: 24px;\"><strong>Navigazione<\/strong><\/td>\n<td style=\"width: 20%; text-align: center; height: 24px;\"><strong>Chiamate<\/strong><\/td>\n<td style=\"width: 20.0893%; text-align: center; height: 24px;\"><strong>Attivazione<\/strong><\/td>\n<\/tr>\n<tr style=\"height: 25px;\">\n<td style=\"width: 20%; height: 25px; text-align: left;\"><strong>PosteCasa Ultraveloce Start<br \/>\n<\/strong><\/td>\n<td style=\"width: 12.4107%; height: 25px; text-align: left;\">\n<ul>\n<li><strong>21,90 \u20ac\/mese <\/strong>entro il<strong> 31\/12\/24<\/strong><\/li>\n<\/ul>\n<\/td>\n<td style=\"width: 7.58929%; height: 25px; text-align: left;\">\n<ul>\n<li>fino a 2,5 Gbps in download in FTTH<\/li>\n<\/ul>\n<\/td>\n<td style=\"width: 20%; height: 25px; text-align: left;\">\n<ul>\n<li>non incluse (illimitate a 5 \u20ac\/mese)<\/li>\n<\/ul>\n<\/td>\n<td style=\"width: 20.0893%; text-align: left; height: 25px;\">\n<ul>\n<li><strong>39 <b>\u20ac<\/b><\/strong><\/li>\n<\/ul>\n<\/td>\n<\/tr>\n<tr style=\"height: 128px;\">\n<td style=\"width: 20%; height: 128px; text-align: left;\"><strong>Internet Unlimited di Vodafone<\/strong><\/td>\n<td style=\"width: 12.4107%; text-align: center; height: 128px;\">\n<ul>\n<li style=\"text-align: left;\"><strong>23,99<\/strong>\u00a0<b>\u20ac\/mese <\/b>solo online<\/li>\n<li style=\"text-align: left;\"><strong>21,99 <\/strong><b>\u20ac\/mese\u00a0<\/b>per i gi\u00e0 clienti mobile<\/li>\n<\/ul>\n<\/td>\n<td style=\"width: 7.58929%; text-align: center; height: 128px;\">\n<ul>\n<li style=\"text-align: left;\">fino a 2,5 Gbps in download in FTTH<\/li>\n<\/ul>\n<\/td>\n<td style=\"width: 20%; text-align: center; height: 128px;\">\n<ul>\n<li style=\"text-align: left;\">illimitate<\/li>\n<\/ul>\n<\/td>\n<td style=\"width: 20.0893%; text-align: left; height: 128px;\">\n<ul>\n<li><strong>19,95 <b>\u20ac <\/b><\/strong>solo online<\/li>\n<li><strong>Gratis <\/strong>per i gi\u00e0 clienti mobile<\/li>\n<\/ul>\n<\/td>\n<\/tr>\n<tr>\n<td style=\"width: 20%; text-align: left;\"><strong>TIM WiFi Casa<\/strong><\/td>\n<td style=\"width: 12.4107%; text-align: center;\">\n<ul>\n<li style=\"text-align: left;\"><strong>24,90<\/strong>\u00a0<b>\u20ac\/mese per 20 mesi<\/b>, poi 29,90 \u20ac\/mese, entro il 9\/12\/24<\/li>\n<li style=\"text-align: left;\"><strong>24,90 <\/strong><b>\u20ac\/mese\u00a0<\/b>per i gi\u00e0 clienti mobile<\/li>\n<li style=\"text-align: left;\">a partire da <strong>24,90 \u20ac\/mese per 3 mesi<\/strong> con offerta TV<\/li>\n<\/ul>\n<\/td>\n<td style=\"width: 7.58929%; text-align: center;\">\n<ul>\n<li style=\"text-align: left;\">fino a 2,5 Gbps in download in FTTH<\/li>\n<\/ul>\n<\/td>\n<td style=\"width: 20%; text-align: center;\">\n<ul>\n<li style=\"text-align: left;\">illimitate<\/li>\n<\/ul>\n<\/td>\n<td style=\"width: 20.0893%; text-align: left;\">\n<ul>\n<li><strong>Gratis <\/strong>solo online<\/li>\n<li><strong>39,90<\/strong> <strong><b>\u20ac <\/b><\/strong>con offerta TV<\/li>\n<\/ul>\n<\/td>\n<\/tr>\n<tr style=\"height: 29px;\">\n<td style=\"width: 20%; text-align: left; height: 29px;\"><strong>Super Fibra di WindTre<\/strong><\/td>\n<td style=\"width: 12.4107%; text-align: center; height: 29px;\">\n<ul>\n<li style=\"text-align: left;\"><strong>24,99<\/strong>\u00a0<b>\u20ac\/mese<\/b><\/li>\n<li style=\"text-align: left;\"><strong>22,99 <\/strong><b>\u20ac\/mese\u00a0<\/b>per i gi\u00e0 clienti mobile<\/li>\n<\/ul>\n<\/td>\n<td style=\"width: 7.58929%; text-align: center; height: 29px;\">\n<ul>\n<li style=\"text-align: left;\">fino a 2,5 Gbps in download in FTTH<\/li>\n<\/ul>\n<\/td>\n<td style=\"width: 20%; text-align: center; height: 29px;\">\n<ul>\n<li style=\"text-align: left;\">illimitate<\/li>\n<\/ul>\n<\/td>\n<td style=\"width: 20.0893%; text-align: left; height: 29px;\">\n<ul>\n<li><strong>Gratis<\/strong><\/li>\n<\/ul>\n<\/td>\n<\/tr>\n<\/tbody>\n<\/table>\n<p>Se state cercando una <a href=\"https:\/\/www.sostariffe.it\/internet-casa\/offerte-fibra-ottica\/\"><strong>offerta fibra ottica<\/strong><\/a> conveniente per navigare alla massima velocit\u00e0 sulla <strong>banda ultralarga<\/strong>, a dicembre sono disponibili diverse soluzioni a basso prezzo per la connettivit\u00e0 domestica:<\/p>\n<h3>PosteCasa Ultraveloce Start<\/h3>\n<ul>\n<li>navigazione senza limiti fino a 2,5 Gbps in download in fibra FTTH<\/li>\n<li>modem Wi-Fi 6 in comodato d&#8217;uso gratuito<\/li>\n<\/ul>\n<p>Se acquistate l&#8217;offerta di <a href=\"https:\/\/www.sostariffe.it\/internet-casa\/offerte-adsl-fibra-postemobile\/\"><strong>PosteCasa<\/strong><\/a> entro il <strong>31\/12\/24<\/strong> il prezzo \u00e8 di <strong>21,90 euro al mese<\/strong>, invece di 23,90 euro al mese. Il contributo per l&#8217;attivazione, consegna e installazione della linea \u00e8 di <strong>39 euro<\/strong>. Potete aggiungere l&#8217;opzione per le <strong>chiamate illimitate <\/strong>al prezzo di<strong>\u00a05 euro al mese<\/strong>.<\/p>\n<p>Oltre al canone mensile \u00e8 previsto il pagamento di un&#8217;imposta di bollo di 16 euro con addebito nelle prime 8 fatture (2 euro per ogni bolletta).<\/p>\n<p><a class=\"green-cta\" href=\"https:\/\/www.sostariffe.it\/tracker2.php?area=rate_widget&amp;id=11268&amp;sos_api_key=\" target=\"_blank\" rel=\"noopener\">Attiva PosteCasa Ultraveloce Start <span style=\"text-align: right;\">\u00bb<\/span><\/a><\/p>\n<h3><strong>Internet Unlimited di Vodafone<\/strong><\/h3>\n<ul>\n<li>navigazione senza limiti fino a 2,5 Gbps in download in fibra FTTH<\/li>\n<li>chiamate illimitate<\/li>\n<li>modem con Wi-Fi ottimizzato e tecnologia &#8220;Sempre connessi&#8221;<\/li>\n<li>attivazione inclusa (5 euro al mese per 24 rate)<\/li>\n<li>SIM dati con 5 GB al mese (50 GB al mese per i gi\u00e0 clienti mobile)<\/li>\n<\/ul>\n<p>Il prezzo dell&#8217;offerta di <a href=\"https:\/\/www.sostariffe.it\/internet-casa\/offerte-adsl-fibra-vodafone\/\"><strong>Vodafone<\/strong><\/a> in esclusiva online \u00e8 di <strong>23,90 euro al mese<\/strong>.\u00a0Il contributo iniziale per l&#8217;<strong>attivazione <\/strong>\u00e8 scontato a<strong> 19,95 euro<\/strong>, invece di 39,90 euro.<\/p>\n<p><a class=\"green-cta\" href=\"https:\/\/www.sostariffe.it\/tracker2.php?area=rate_widget&amp;id=11727&amp;sos_api_key=\" target=\"_blank\" rel=\"noopener\">Attiva Internet Unlimited in esclusiva<span style=\"text-align: right;\">\u00bb<\/span><\/a><\/p>\n<p>I gi\u00e0 clienti di <strong>Vodafone<\/strong> per la<a href=\"https:\/\/www.sostariffe.it\/tariffe-cellulari\/\"><strong> telefonia mobile<\/strong><\/a> possono attivare <strong>Internet Unlimited<\/strong> a prezzo scontando. In pi\u00f9 aggiungendo l&#8217;opzione <strong>Infinito Insieme<\/strong> avrete <strong>Giga illimitati in 5G fino a 6 SIM<\/strong> senza costi aggiuntivi. La fibra per i gi\u00e0 clienti mobile costa\u00a0<strong>21,90 euro al mese<\/strong> in esclusiva online. Il contributo iniziale per l&#8217;<strong>attivazione \u00e8 gratis<\/strong>, invece di 39,90 euro.<\/p>\n<p><a class=\"green-cta\" href=\"https:\/\/www.sostariffe.it\/tracker2.php?area=rate_widget&amp;id=10153&amp;sos_api_key=\" target=\"_blank\" rel=\"noopener\">Attiva l&#8217;offerta per clienti mobile <span style=\"text-align: right;\">\u00bb<\/span><\/a><\/p>\n<h3><strong>Super Fibra<\/strong> di WindTre<\/h3>\n<ul>\n<li>navigazione illimitata fino a 2,5 Gbps in download e 500 Mbps in upload in FTTH<\/li>\n<li>chiamate illimitate<\/li>\n<li>modem Wi-Fi 6 incluso (5,99 euro al mese per 48 mesi gi\u00e0 incluso nel canone mensile)<\/li>\n<li><strong>Giga illimitati fino a 3 SIM della famiglia<\/strong><\/li>\n<li><strong>12 mesi di Amazon Prime<\/strong><\/li>\n<li>possibilit\u00e0 di abbinare <strong>Unlimited Special<\/strong> con <strong>minuti e Giga illimitati<\/strong> al costo di <strong>7,99 euro al mese <\/strong>dopo l&#8217;attivazione della fibra<\/li>\n<\/ul>\n<p>Dopo aver <strong><a href=\"https:\/\/www.sostariffe.it\/internet-casa\/verifica-copertura\/\">verificato gratis la copertura su SOStariffe.it,<\/a><\/strong> potrete attivare l&#8217;offerta di <a href=\"https:\/\/www.sostariffe.it\/internet-casa\/offerte-adsl-fibra-windtre-infostrada\/\"><strong>WindTre<\/strong><\/a> al prezzo di <strong>24,99 euro al mese<\/strong>, invece di 27,99 euro. Il prezzo della fibra per i gi\u00e0 clienti mobile \u00e8 invece di <strong>22,99 euro al mese<\/strong>. Il contributo per l&#8217;<strong>attivazione \u00e8 gratis<\/strong>, invece di 39,99 euro.<\/p>\n<p><a class=\"green-cta\" href=\"https:\/\/www.sostariffe.it\/tracker2.php?area=rate_widget&amp;id=8695&amp;sos_api_key=\" target=\"_blank\" rel=\"noopener\">Attiva Super Fibra di WindTre <span style=\"text-align: right;\">\u00bb<\/span><\/a><\/p>\n<h3><strong>TIM WiFi Casa<\/strong><\/h3>\n<ul>\n<li>navigazione senza limiti fino a 2,5 Gbps in download in fibra FTTH<\/li>\n<li>chiamate illimitate<\/li>\n<li>modem TIM Hub Pro (5 euro al mese per 48 rate gi\u00e0 inclusi nel canone mensile)<\/li>\n<li><strong>Bonus di 100 euro<\/strong> (5 euro al mese per 20 mesi)<\/li>\n<\/ul>\n<p>Il prezzo per l&#8217;offerta di <strong>TIM<\/strong> grazie alla <strong>Promo Limited Edition Fibra<\/strong> \u00e8 di <strong>24,90 euro al mese per 20 mesi<\/strong>, poi 29,90 euro al mese, se la si acquista online entro il <strong>9\/12\/24<\/strong>. Il contributo per l&#8217;<strong>attivazione \u00e8 gratis<\/strong>, invece di 39,90 euro, acquistandola online.<\/p>\n<p>Il prezzo della fibra per i gi\u00e0 clienti mobile con offerta dati attiva \u00e8 invece di <strong>24,90 euro al mese<\/strong> senza limiti di tempo. In questo caso \u00e8 possibile attivare <strong>TIM Unica Power<\/strong> per avere <strong>Giga illimitati in 5G Ultra fino a 6 SIM<\/strong> della famiglia. Il<strong> prezzo \u00e8 azzerato<\/strong>, invece di 1,90 euro al mese, se si abbinano almeno 3 SIM entro il 25\/1\/25.<\/p>\n<p>Grazie alla <strong>promo Limited Edition TV<\/strong> entro il <strong>18\/12\/24<\/strong> potete invece aggiungere un pacchetto <a href=\"https:\/\/www.sostariffe.it\/tv\/offerte-timvision\/\"><strong>TIMVISION <\/strong><\/a>a partire da <strong>24,90 euro al mese per 3 mesi<\/strong>. In questo caso il contributo per l&#8217;attivazione \u00e8 di <strong>39,90 euro<\/strong>.<\/p>\n<p><a class=\"green-cta\" href=\"https:\/\/www.sostariffe.it\/internet-casa\/offerte-adsl-fibra-tim\/\" target=\"_blank\" rel=\"noopener\">Attiva l&#8217;offerta fibra di TIM <span style=\"text-align: right;\">\u00bb<\/span><\/a><\/p>\n","protected":false},"excerpt":{"rendered":"<p>La Commissaria alla Sovranit\u00e0 tecnologica lamenta ritardi nel settore delle telecomunicazioni europeo in termini di connettivit\u00e0 e capacit\u00e0 informatiche. Scopri i piani dell&#8217;Ue per cloud e banda ultralarga<\/p>\n","protected":false},"author":72,"featured_media":398293,"comment_status":"open","ping_status":"open","sticky":false,"template":"","format":"standard","meta":{"footnotes":"","_links_to":"","_links_to_target":""},"categories":[22322],"tags":[],"acf":[],"_links":{"self":[{"href":"https:\/\/www.sostariffe.it\/news\/wp-json\/wp\/v2\/posts\/398291"}],"collection":[{"href":"https:\/\/www.sostariffe.it\/news\/wp-json\/wp\/v2\/posts"}],"about":[{"href":"https:\/\/www.sostariffe.it\/news\/wp-json\/wp\/v2\/types\/post"}],"author":[{"embeddable":true,"href":"https:\/\/www.sostariffe.it\/news\/wp-json\/wp\/v2\/users\/72"}],"replies":[{"embeddable":true,"href":"https:\/\/www.sostariffe.it\/news\/wp-json\/wp\/v2\/comments?post=398291"}],"version-history":[{"count":7,"href":"https:\/\/www.sostariffe.it\/news\/wp-json\/wp\/v2\/posts\/398291\/revisions"}],"predecessor-version":[{"id":398406,"href":"https:\/\/www.sostariffe.it\/news\/wp-json\/wp\/v2\/posts\/398291\/revisions\/398406"}],"wp:featuredmedia":[{"embeddable":true,"href":"https:\/\/www.sostariffe.it\/news\/wp-json\/wp\/v2\/media\/398293"}],"wp:attachment":[{"href":"https:\/\/www.sostariffe.it\/news\/wp-json\/wp\/v2\/media?parent=398291"}],"wp:term":[{"taxonomy":"category","embeddable":true,"href":"https:\/\/www.sostariffe.it\/news\/wp-json\/wp\/v2\/categories?post=398291"},{"taxonomy":"post_tag","embeddable":true,"href":"https:\/\/www.sostariffe.it\/news\/wp-json\/wp\/v2\/tags?post=398291"}],"curies":[{"name":"wp","href":"https:\/\/api.w.org\/{rel}","templated":true}]}}