{"id":393701,"date":"2024-08-28T14:00:16","date_gmt":"2024-08-28T12:00:16","guid":{"rendered":"https:\/\/www.sostariffe.it\/news\/?p=393701"},"modified":"2024-08-29T08:47:09","modified_gmt":"2024-08-29T06:47:09","slug":"consumi-energia-elettrica-nuovo-record-a-causa-del-caldo-intenso-i-dati","status":"publish","type":"post","link":"https:\/\/www.sostariffe.it\/news\/consumi-energia-elettrica-nuovo-record-a-causa-del-caldo-intenso-i-dati-393701\/","title":{"rendered":"Consumi energia elettrica: nuovo record a causa del caldo intenso, i dati"},"content":{"rendered":"<p>I condizionatori a lungo accesi contro afa e caldo torrido fanno balzare all\u2019ins\u00f9 i consumi energia elettrica: a luglio 2024, la domanda di elettricit\u00e0 \u00e8 <strong>cresciuta del +4,5%<\/strong> rispetto allo stesso mese di un anno fa. \u00a0\u00c8 il dato pi\u00f9 alto dal luglio 2015. Ecco i dati <strong>Terna<\/strong> e come trovare le <strong>offerte luce<\/strong> per risparmiare in bolletta ad agosto 2024 con il <strong>comparatore di SOStariffe.it<\/strong>.<!--more--><\/p>\n<p>Picco dei consumi di energia elettrica in Italia, a luglio 2024, per via dell\u2019accensione prolungata dei <strong><a href=\"https:\/\/www.sostariffe.it\/energia-elettrica-gas\/guide\/come-scegliere-il-condizionatore-giusto-per-te-7-cose-da-sapere\">condizionatori<\/a> <\/strong>contro afa e caldo record. Il mese scorso, infatti, le temperature roventi hanno fatto <strong>aumentare del +4,5%<\/strong> la \u201cfame\u201d di elettricit\u00e0 da nord a sud della Penisola, al confronto con lo stesso periodo del 2023. A scattare la fotografia di questa crescita dei consumi energia elettrica \u00e8 <strong>Terna<\/strong>, la societ\u00e0 che gestisce la rete di trasmissione nazionale, nel suo \u201cRapporto mensile sul Sistema Elettrico\u201d.<\/p>\n<p>Prima di entrare nelle pieghe dell\u2019analisi, ricordiamo che se sei alla ricerca di <strong>offerte luce <\/strong>che ti facciano risparmiare in bolletta puoi affidarti al <strong>comparatore di SOStariffe.it<\/strong>, accessibile al link qui sotto:<\/p>\n<p><a class=\"green-cta\" href=\"https:\/\/www.sostariffe.it\/energia-elettrica\/\">CONFRONTA LE OFFERTE LUCE <span style=\"\u201ctext-align: right\u201d;\">\u00bb<\/span><\/a><\/p>\n<p>Questo strumento gratuito scandaglia le soluzioni per illuminare casa proposte dai <a href=\"https:\/\/www.sostariffe.it\/energia-elettrica-gas\/fornitori-energetici\/\"><strong>gestori energetici<\/strong><\/a> partner ad agosto 2024 e ti aiuta a trovare la tariffa pi\u00f9 in linea con il fabbisogno energetico della tua famiglia. Come utilizzare il comparatore di SOStariffe.it? Basta inserire il tuo consumo annuale di energia (lo trovi in una bolletta recente, oppure lo puoi stimare cliccando sul widget qui sotto) per vederti restituita una classifica delle offerte luce disponibili pi\u00f9 convenienti per te.<\/p>\n<p>[WIDGET-ENERGY]<\/p>\n<h2>Consumi energia elettrica in rialzo del +4,5% in Italia a luglio 2024<\/h2>\n<p><img decoding=\"async\" loading=\"lazy\" class=\"size-large wp-image-393703 aligncenter\" src=\"https:\/\/www.sostariffe.it\/news\/wp-content\/uploads\/2024\/08\/Terna_datiluglio2024-1024x569.png\" alt=\"\" width=\"1024\" height=\"569\" srcset=\"https:\/\/www.sostariffe.it\/news\/wp-content\/uploads\/2024\/08\/Terna_datiluglio2024-1024x569.png 1024w, https:\/\/www.sostariffe.it\/news\/wp-content\/uploads\/2024\/08\/Terna_datiluglio2024-300x167.png 300w, https:\/\/www.sostariffe.it\/news\/wp-content\/uploads\/2024\/08\/Terna_datiluglio2024-768x427.png 768w, https:\/\/www.sostariffe.it\/news\/wp-content\/uploads\/2024\/08\/Terna_datiluglio2024.png 1345w\" sizes=\"(max-width: 1024px) 100vw, 1024px\" \/><\/p>\n<p><em>(Dati sui consumi di energia elettrica e apporto delle fonti rinnovabili a luglio 2024. Fonte: Terna)<\/em><\/p>\n<p>Le cifre di Terna rilevano che, a luglio 2024, il fabbisogno di energia elettrica in Italia \u00e8 stato pari a <strong>31,3 miliardi di kWh<\/strong>, in crescita del <strong>+4,5% rispetto a luglio 2023<\/strong>. Si tratta di un dato record, il pi\u00f9 alto in termini di consumi dal luglio 2015.<\/p>\n<p>\u201c<em>La variazione positiva, che recupera pienamente il dato negativo di luglio dello scorso anno (-3,4%), \u00e8 stata raggiunta con due giorni lavorativi in pi\u00f9 (23 vs 21) e una temperatura media mensile sostanzialmente in linea rispetto a luglio 2023, ad eccezione dell\u2019ultima settimana del mese, durante la quale la temperatura media <strong>ha superato di 3 C\u00b0 <\/strong>quella dello stesso periodo dello scorso anno<\/em>\u201d, si legge in una nota di sintesi del report di Terna.<\/p>\n<p>E ancora: il picco massimo di domanda, pari a circa <strong>57,9 GW<\/strong>, \u00e8 stato registrato nella giornata del <strong>19 luglio tra le 14 e le 15<\/strong>.<\/p>\n<h2>Le rinnovabili hanno coperto il 44,2% della domanda di elettricit\u00e0<\/h2>\n<p>I consumi energia elettrica di luglio 2024 sono stati coperti, <strong>per il<\/strong> <strong>44,2% dalle rinnovabili<\/strong>, un valore in aumento rispetto al 38,1% del luglio di un anno fa. A dimostrazione di quanto l\u2019espansione delle fonti green nel nostro Paese continui senza sosta.<\/p>\n<p>In particolare, a luglio 2024, sono cresciute:<\/p>\n<ul>\n<li>la fonte <strong>idrica<\/strong> (+38,7%), con valori record al Nord ma minimi storici in Sicilia;<\/li>\n<li>la fonte <strong>fotovoltaica<\/strong> (+22,4%);<\/li>\n<li>la fonte <strong>geotermica<\/strong> (+0,7%).<\/li>\n<\/ul>\n<p>Rallentano, invece, la fonte eolica (-11,6%) e termica (-6,5%). In particolare, la quota di produzione a carbone <strong>\u00e8 in riduzione del 74,8%<\/strong> rispetto allo stesso mese del 2023.<\/p>\n<p>Sempre secondo quanto rileva Terna, tra gennaio e luglio 2024 la capacit\u00e0 rinnovabile in esercizio \u00e8 aumentata di <strong>4.282 MW<\/strong> (di cui 3.853 MW di fotovoltaico). Tale valore \u00e8 superiore di <strong>1.208 MW<\/strong> (+39%) rispetto allo stesso periodo dell\u2019anno precedente.<\/p>\n<h2>Trova le offerte luce per risparmiare in bolletta ad agosto 2024<\/h2>\n<p>Per proteggerti dal rischio di bollette luce alle stelle a fronte di consumi energia elettrica elevati, ti consigliamo di prestare la massima attenzione al <a href=\"https:\/\/www.sostariffe.it\/energia-elettrica-gas\/faq\/costo-kwh-kilowattora-quanto-costa-l-energia-elettrica\"><strong>costo kWh<\/strong><\/a> delle offerte luce che intendi sottoscrivere.<\/p>\n<p>Questo prezzo \u00e8 quello che il tuo fornitore energetico user\u00e0 per calcolare i consumi registrati dalla tua utenza in un determinato periodo di fatturazione. Di conseguenza, pi\u00f9 basso \u00e8 il costo unitario dell\u2019elettricit\u00e0, minori saranno le spese in bolletta, a parit\u00e0 di consumi registrati.<\/p>\n<p>Setacciando il <strong>comparatore di SOStariffe.it<\/strong> ad agosto 2024, \u00e8 possibile trovare offerte luce che permettono di abbassare il costo kWh fino a:<\/p>\n<ul>\n<li><strong>0,1090 \u20ac\/kWh<\/strong> nel caso di tariffe a prezzo bloccato per 12 mesi;<\/li>\n<li><strong>0,13 \u20ac\/kWh<\/strong> nel caso di tariffe a prezzo indicizzato, che si aggiornano in base all&#8217;andamento dell&#8217;indice <a href=\"https:\/\/www.sostariffe.it\/energia-elettrica-gas\/faq\/cos-e-il-pun-prezzo-unico-nazionale-e-come-si-calcola\"><strong>PUN<\/strong><\/a>.<\/li>\n<\/ul>\n<p><a class=\"green-cta\" href=\"https:\/\/www.sostariffe.it\/energia-elettrica\/\">CONFRONTA LE OFFERTE LUCE <span style=\"\u201ctext-align: right\u201d;\">\u00bb<\/span><\/a><\/p>\n","protected":false},"excerpt":{"rendered":"<p>I condizionatori a lungo accesi contro afa e caldo torrido fanno balzare all\u2019ins\u00f9 i consumi energia elettrica: a luglio 2024, la domanda di elettricit\u00e0 \u00e8 cresciuta del +4,5% rispetto allo stesso mese di un anno fa. \u00a0\u00c8 il dato pi\u00f9 alto dal luglio 2015. Ecco i dati Terna e come trovare le offerte luce per [&hellip;]<\/p>\n","protected":false},"author":108,"featured_media":393706,"comment_status":"open","ping_status":"open","sticky":false,"template":"","format":"standard","meta":{"footnotes":"","_links_to":"","_links_to_target":""},"categories":[1095],"tags":[],"acf":[],"_links":{"self":[{"href":"https:\/\/www.sostariffe.it\/news\/wp-json\/wp\/v2\/posts\/393701"}],"collection":[{"href":"https:\/\/www.sostariffe.it\/news\/wp-json\/wp\/v2\/posts"}],"about":[{"href":"https:\/\/www.sostariffe.it\/news\/wp-json\/wp\/v2\/types\/post"}],"author":[{"embeddable":true,"href":"https:\/\/www.sostariffe.it\/news\/wp-json\/wp\/v2\/users\/108"}],"replies":[{"embeddable":true,"href":"https:\/\/www.sostariffe.it\/news\/wp-json\/wp\/v2\/comments?post=393701"}],"version-history":[{"count":5,"href":"https:\/\/www.sostariffe.it\/news\/wp-json\/wp\/v2\/posts\/393701\/revisions"}],"predecessor-version":[{"id":393769,"href":"https:\/\/www.sostariffe.it\/news\/wp-json\/wp\/v2\/posts\/393701\/revisions\/393769"}],"wp:featuredmedia":[{"embeddable":true,"href":"https:\/\/www.sostariffe.it\/news\/wp-json\/wp\/v2\/media\/393706"}],"wp:attachment":[{"href":"https:\/\/www.sostariffe.it\/news\/wp-json\/wp\/v2\/media?parent=393701"}],"wp:term":[{"taxonomy":"category","embeddable":true,"href":"https:\/\/www.sostariffe.it\/news\/wp-json\/wp\/v2\/categories?post=393701"},{"taxonomy":"post_tag","embeddable":true,"href":"https:\/\/www.sostariffe.it\/news\/wp-json\/wp\/v2\/tags?post=393701"}],"curies":[{"name":"wp","href":"https:\/\/api.w.org\/{rel}","templated":true}]}}