{"id":392977,"date":"2024-08-01T16:54:53","date_gmt":"2024-08-01T14:54:53","guid":{"rendered":"https:\/\/www.sostariffe.it\/news\/?p=392977"},"modified":"2024-08-02T08:25:10","modified_gmt":"2024-08-02T06:25:10","slug":"windtre-rinuncia-definitivamente-alle-tariffe-indicizzate-allinflazione","status":"publish","type":"post","link":"https:\/\/www.sostariffe.it\/news\/windtre-rinuncia-definitivamente-alle-tariffe-indicizzate-allinflazione-392977\/","title":{"rendered":"WindTre rinuncia definitivamente alle tariffe indicizzate all\u2019inflazione"},"content":{"rendered":"<p><strong>WindTre<\/strong> come <strong>TIM<\/strong> ha scelto di rinunciare definitivamente alle<strong> tariffe indicizzate all&#8217;inflazione<\/strong> per il mobile e la rete fissa. Scopri tutto quello che c&#8217;\u00e8 da sapere sulla <strong>clausola ISTAT<\/strong> e cosa cambia per gli utenti<!--more--><\/p>\n<p>La scorsa settimana <a href=\"https:\/\/www.sostariffe.it\/tariffe-cellulari\/wind\/\"><strong>WindTre<\/strong><\/a> ha ufficialmente annunciato che non applicher\u00e0 la <strong>clausola ISTAT<\/strong> relativa all&#8217;adeguamento dei prezzi delle sue offerte di <a href=\"https:\/\/www.sostariffe.it\/tariffe-cellulari\/\"><strong>telefonia mobile<\/strong><\/a> e per la <strong>rete fissa<\/strong> in base all&#8217;<strong>inflazione<\/strong>, che dal prossimo gennaio avrebbe permesso all&#8217;operatore di <strong>aumentare i prezzi senza concedere il diritto di recesso<\/strong>, anche per i gi\u00e0 clienti acquisiti fino al<strong> 16 giugno 2024<\/strong>. <strong>WindTre<\/strong> aveva gi\u00e0 aggiornato le <strong>Condizioni Generali di Contratto<\/strong> per i suoi servizi di rete fissa e mobile cancellando l&#8217;articolo dedicato alle cosiddette <strong><a href=\"https:\/\/www.sostariffe.it\/news\/tariffe-telefoniche-indicizzate-allinflazione-cosa-succede-a-gennaio-2024-380621\/\">offerte indicizzate all&#8217;inflazion<\/a>e<\/strong>. Lo stessa decisione era stata presa in precedenza da <a href=\"https:\/\/www.sostariffe.it\/news\/wp-admin\/post.php?post=390480&amp;action=edit\"><strong>TIM<\/strong><\/a>.<\/p>\n<p>Se state cercando un&#8217;offerta mobile conveniente potete confrontare le migliori soluzioni dei principali operatori con il <strong>comparatore di SOStariffe.it<\/strong>. Dopo aver costruito con pochi clic il vostro personale profilo di consumi medio, avrete tutte le informazioni che vi servono per scegliere la promozione pi\u00f9 conveniente per le vostre esigenze. Potrete poi comodamente attivarla online cliccando sul tasto &#8220;Scopri&#8221;, che vi re-indirizzer\u00e0 verso il sito dell&#8217;operatore da cui completare l&#8217;acquisto.<\/p>\n<p>[WIDGET-MOBILE]<\/p>\n<h2>WindTre tariffe inflazione: cosa cambia ad agosto 2024<\/h2>\n<table style=\"border-collapse: collapse; width: 100%; height: 144px;\">\n<tbody>\n<tr style=\"height: 24px;\">\n<td style=\"width: 50%; height: 24px;\"><\/td>\n<td style=\"width: 50%; height: 24px; text-align: center;\"><strong>Tariffe indicizzate<\/strong><\/td>\n<\/tr>\n<tr style=\"height: 72px;\">\n<td style=\"width: 50%; height: 72px;\">1<\/td>\n<td style=\"width: 50%; height: 72px;\">La <strong>clausola ISTAT<\/strong> permetteva a <strong>WindTre<\/strong> di applicare un a<strong>umento del prezzo delle sue offerte mobile o fisso<\/strong> in base all&#8217;<strong>inflazione<\/strong> pari almeno al <strong>5%<\/strong> dell\u2019<strong>indice FOI<\/strong><\/td>\n<\/tr>\n<tr style=\"height: 24px;\">\n<td style=\"width: 50%; height: 24px;\">2<\/td>\n<td style=\"width: 50%; height: 24px;\">Dal <strong>17\/6\/24<\/strong> a chi attiva un&#8217;offerta mobile o fisso di<strong> WindTre<\/strong> non verr\u00e0 applicata la <strong>clausola ISTAT<\/strong><\/td>\n<\/tr>\n<tr style=\"height: 24px;\">\n<td style=\"width: 50%; height: 24px;\">3<\/td>\n<td style=\"width: 50%; height: 24px;\">La <strong>clausola ISTAT<\/strong> non verr\u00e0 applicata nemmeno a coloro che hanno attivato un&#8217;offerta mobile o fisso dal <strong>21\/11\/22<\/strong><\/td>\n<\/tr>\n<\/tbody>\n<\/table>\n<p>Per tutte le nuove attivazioni per mobile e fisso di <strong>WindTre<\/strong> a partire dal <strong>17 giugno 2024<\/strong> non \u00e8 pi\u00f9 prevista la clausola di adeguamento dei prezzi in base all&#8217;inflazione. Lo stesso vale anche i gi\u00e0 clienti che cambiano offerta restando con l&#8217;operatore. Per quanto riguarda invece le attivazioni a partire dal <strong>21 novembre 2022<\/strong>, che al momento della sottoscrizione del contratto prevedevano la <strong>clausola ISTAT<\/strong>, <strong>WindTre<\/strong> ha pubblicato un&#8217;informativa dedicata sul suo sito nella pagina &#8220;<em>WindTre Informa<\/em>&#8221; dal titolo &#8220;<em>Informativa riservata ai clienti con contratti con clausole di adeguamento all\u2019indice dei prezzi al consumo<\/em>&#8220;.<\/p>\n<p>&#8220;<em><strong>WindTre<\/strong> informa i clienti che hanno concluso un contratto per i servizi di telefonia fissa e mobile dal <strong>21 novembre 2023<\/strong><\/em> (la data riportata \u00e8 errata, ndr.) <em>al <strong>16 giugno 2024<\/strong>, nonch\u00e9 i clienti ai quali \u00e8 stata comunicata la modifica dei medesimi contratti sottoscritti precedentemente al periodo indicato che, in seguito all\u2019adozione da parte dell\u2019<strong>AGCOM<\/strong> della <strong>Delibera n. 307\/23\/CONS<\/strong>, le clausole di adeguamento prezzi (di cui agli articoli 11.1 delle condizioni generali di contratto per i servizi di telefonia fissa e 4.6 delle condizioni generali di contratto per i servizi di telefonia mobile) non troveranno applicazione<\/em>&#8220;.<\/p>\n<p>La<strong> clausola ISTAT<\/strong> era stata inserita da <strong>WindTre<\/strong> a partire dal 13 gennaio 2023 anche per alcuni gi\u00e0 clienti mobile con una rimodulazione comunicata il 24 novembre 2022 e successivamente con una seconda rimodulazione applicata dal 16 marzo 2023. In questo caso, i clienti avevano la possibilit\u00e0 di esercitare il <strong>diritto di recesso senza costi aggiuntivi o penali<\/strong> per rifiutare l&#8217;applicazione dell&#8217;indicizzazione della propria offerta in base all&#8217;inflazione.<\/p>\n<p>L&#8217;<strong>AGCOM<\/strong> (Autorit\u00e0 per le Garanzie nelle Comunicazioni) nel dicembre del 2023 ha approvato per\u00f2 la <strong>delibera 307\/23\/CONS<\/strong> che ha preso in considerazione le novit\u00e0 previste dal <strong>codice delle comunicazioni<\/strong> e in cui si afferma che l&#8217;adeguamento in base all&#8217;inflazione in prima applicazione non poteva avvenire prima di 12 mesi dalla stipula del contratto. Inoltre, era stata introdotta la possibilit\u00e0 di <strong>recedere gratuitamente<\/strong>.<\/p>\n<p>La <strong>clausola ISTAT<\/strong> prevedeva inizialmente quanto segue: &#8220;<em>Da gennaio 2024 in caso di variazione annua positiva dell\u2019<strong>indice FOI<\/strong> rilevata da <strong>Istat<\/strong> nell\u2019ottobre dell\u2019anno precedente, <strong>WindTre<\/strong> ha facolt\u00e0 di aumentare entro il primo trimestre dell\u2019anno il prezzo mensile del Servizio di un importo percentuale pari alla variazione di tale indice comunque pari almeno al<strong> 5%<\/strong>. L\u2019adeguamento non costituisce una modifica contrattuale ai sensi dell\u2019articolo 13 delle Condizioni generali di contratto e pertanto non d\u00e0 diritto al Cliente di recedere senza costi<\/em>&#8220;.<\/p>\n<p>Vi ricordiamo che i clienti di <strong>WindTre<\/strong> per il mobile possono usufruire di uno sconto sull&#8217;<a href=\"https:\/\/www.sostariffe.it\/internet-casa\/offerte-fibra-ottica\/\"><strong>offerta fibra<\/strong><\/a> dell&#8217;operatore e accedere a una connessione in<strong>\u00a0FTTH<\/strong> (Fiber to the Home) alla massima velocit\u00e0 in tutte le grandi citt\u00e0. In alternativa \u00e8 disponibile un collegamento in<strong> fibra misto rame<\/strong> o <strong>FTTC<\/strong> (Fiber to the Cabinet) fino a 300 Mbps in download in base alla distanza tra l&#8217;abitazione e la cabina stradale.<\/p>\n<h3><strong>Super Fibra<\/strong><\/h3>\n<ul>\n<li>navigazione illimitata fino a 2,5 Gbps in download e 500 Mbps in upload in FTTH<\/li>\n<li>chiamate illimitate<\/li>\n<li>modem Wi-Fi 6 incluso (5,99 euro al mese per 48 mesi gi\u00e0 incluso nel canone mensile)<\/li>\n<li><strong>Giga illimitati fino a 3 SIM della famiglia<\/strong><\/li>\n<li><strong>12 mesi di Amazon Prime<\/strong><\/li>\n<li>possibilit\u00e0 di abbinare <strong>Unlimited Special<\/strong> con <strong>minuti e Giga illimitati<\/strong> al costo di <strong>7,99 euro al mese <\/strong>dopo l&#8217;attivazione della fibra<\/li>\n<\/ul>\n<p>Dopo aver <strong><a href=\"https:\/\/www.sostariffe.it\/internet-casa\/verifica-copertura\/\">verificato gratis la copertura su SOStariffe.it,<\/a><\/strong> potrete attivare l&#8217;offerta al costo di <strong>24,99 euro al mese<\/strong>, invece di 27,99 euro, o di <strong>22,99 euro al mese <\/strong>se siete gi\u00e0 clienti dell&#8217;operatore per il mobile. Il contributo per l&#8217;<strong>attivazione \u00e8 gratis<\/strong>, invece di 39,99 euro.<\/p>\n<p><a class=\"green-cta\" href=\"https:\/\/www.sostariffe.it\/tracker2.php?area=rate_widget&amp;id=8695&amp;sos_api_key=\" target=\"_blank\" rel=\"noopener\">Attiva Super Fibra di WindTre <span style=\"text-align: right;\">\u00bb<\/span><\/a><\/p>\n","protected":false},"excerpt":{"rendered":"<p>WindTre come TIM ha scelto di rinunciare definitivamente alle tariffe indicizzate all&#8217;inflazione per il mobile e la rete fissa. Scopri tutto quello che c&#8217;\u00e8 da sapere sulla clausola ISTAT e cosa cambia per gli utenti<\/p>\n","protected":false},"author":72,"featured_media":392978,"comment_status":"open","ping_status":"open","sticky":false,"template":"","format":"standard","meta":{"footnotes":"","_links_to":"","_links_to_target":""},"categories":[9],"tags":[],"acf":[],"_links":{"self":[{"href":"https:\/\/www.sostariffe.it\/news\/wp-json\/wp\/v2\/posts\/392977"}],"collection":[{"href":"https:\/\/www.sostariffe.it\/news\/wp-json\/wp\/v2\/posts"}],"about":[{"href":"https:\/\/www.sostariffe.it\/news\/wp-json\/wp\/v2\/types\/post"}],"author":[{"embeddable":true,"href":"https:\/\/www.sostariffe.it\/news\/wp-json\/wp\/v2\/users\/72"}],"replies":[{"embeddable":true,"href":"https:\/\/www.sostariffe.it\/news\/wp-json\/wp\/v2\/comments?post=392977"}],"version-history":[{"count":6,"href":"https:\/\/www.sostariffe.it\/news\/wp-json\/wp\/v2\/posts\/392977\/revisions"}],"predecessor-version":[{"id":392996,"href":"https:\/\/www.sostariffe.it\/news\/wp-json\/wp\/v2\/posts\/392977\/revisions\/392996"}],"wp:featuredmedia":[{"embeddable":true,"href":"https:\/\/www.sostariffe.it\/news\/wp-json\/wp\/v2\/media\/392978"}],"wp:attachment":[{"href":"https:\/\/www.sostariffe.it\/news\/wp-json\/wp\/v2\/media?parent=392977"}],"wp:term":[{"taxonomy":"category","embeddable":true,"href":"https:\/\/www.sostariffe.it\/news\/wp-json\/wp\/v2\/categories?post=392977"},{"taxonomy":"post_tag","embeddable":true,"href":"https:\/\/www.sostariffe.it\/news\/wp-json\/wp\/v2\/tags?post=392977"}],"curies":[{"name":"wp","href":"https:\/\/api.w.org\/{rel}","templated":true}]}}