{"id":392785,"date":"2024-07-30T14:00:10","date_gmt":"2024-07-30T12:00:10","guid":{"rendered":"https:\/\/www.sostariffe.it\/news\/?p=392785"},"modified":"2024-07-31T08:10:20","modified_gmt":"2024-07-31T06:10:20","slug":"come-e-chi-puo-rientrare-in-maggior-tutela-a-luglio-2024","status":"publish","type":"post","link":"https:\/\/www.sostariffe.it\/news\/come-e-chi-puo-rientrare-in-maggior-tutela-a-luglio-2024-392785\/","title":{"rendered":"Come e chi pu\u00f2 rientrare in Maggior Tutela a luglio 2024"},"content":{"rendered":"<p>Gi\u00f9 il sipario sul Mercato Tutelato luce per 3,7 milioni di clienti domestici \u201cnon vulnerabili\u201d. Per loro, dal 1\u00b0 luglio 2024, non \u00e8 pi\u00f9 possibile <strong>rientrare in Maggior Tutela<\/strong>. Questa opzione \u00e8 invece sempre garantita ai <strong>clienti \u201cvulnerabili\u201d<\/strong>. Ecco chi sono e come possono fare richiesta. Oltre a un focus su come trovare <strong>offerte luce e gas<\/strong> convenienti con il <strong>comparatore di SOStariffe.it<\/strong>.<!--more--><\/p>\n<p>Rientrare in Maggior Tutela a luglio 2024 \u00e8 ancora possibile, ma non per tutti. Questa opzione, infatti, pu\u00f2 essere praticata <strong>solo dai clienti \u201cvulnerabili\u201d<\/strong>, mentre \u00e8 scaduta la possibilit\u00e0 di esercitare tale diritto per gli utenti \u201cnon vulnerabili\u201d.<\/p>\n<p>Prima di tracciare l\u2019identikit di coloro che possano tornare nel Mercato Tutelato e illustrare le modalit\u00e0 per farlo, ti ricordiamo che anche il passaggio al <a href=\"https:\/\/www.sostariffe.it\/energia-elettrica-gas\/faq\/cosa-succede-se-non-si-aderisce-al-mercato-libero-luce-e-gas\"><strong>Mercato Libero<\/strong><\/a> pu\u00f2 farti risparmiare in bolletta. Tuttavia, per trovare tariffe convenienti \u00e8 indispensabile attivare <strong>offerte luce e gas<\/strong> che propongono un <a href=\"https:\/\/www.sostariffe.it\/energia-elettrica-gas\/faq\/costo-kwh-kilowattora-quanto-costa-l-energia-elettrica\"><strong>costo kWh<\/strong><\/a> e un <a href=\"https:\/\/www.sostariffe.it\/energia-elettrica-gas\/faq\/quanto-costa-un-metro-cubo-smc-di-gas-metano\"><strong>costo metano al metro cubo<\/strong><\/a> quanto pi\u00f9 basso possibili.<\/p>\n<p>In questa fase di ricerca, il <strong>comparatore di SOStariffe.it<\/strong> (link qui sotto) \u00e8 un alleato della convenienza in quanto setaccia le tariffe energia elettrica e metano messe a disposizione dai <a href=\"https:\/\/www.sostariffe.it\/energia-elettrica-gas\/fornitori-energetici\/\"><strong>gestori energetici<\/strong><\/a> partner a luglio 2024 ed elabora una classifica \u201cpersonalizzata\u201d delle pi\u00f9 convenienti in base al consumo annuo della tua famiglia.<\/p>\n<p><a class=\"green-cta\" href=\"https:\/\/www.sostariffe.it\/energia-elettrica-gas\/\" target=\"_blank\" rel=\"noopener\">SCOPRI LE OFFERTE LUCE E GAS <span style=\"\u201ctext-align: right&quot;;\">\u00bb<\/span><\/a><\/p>\n<p>Se non conosci questa informazione, la trovi in bolletta oppure la puoi calcolare impostando i filtri integrati nel comparatore di SOStariffe.it, che puoi impostare dal widget qui sotto.<\/p>\n<p>[WIDGET-ENERGY]<\/p>\n<h2>Rientrare in Maggior Tutela: ecco chi pu\u00f2 farlo a luglio 2024<\/h2>\n<table style=\"border-collapse: collapse; width: 100%;\">\n<tbody>\n<tr>\n<td style=\"width: 50%; text-align: center;\"><strong>LE TUE DOMANDE<\/strong><\/td>\n<td style=\"width: 50%; text-align: center;\"><strong>LE NOSTRE RISPOSTE<\/strong><\/td>\n<\/tr>\n<tr>\n<td style=\"width: 50%;\"><strong>Quando \u00e8 scattato lo stop Maggior Tutela luce e gas?<\/strong><\/td>\n<td style=\"width: 50%;\">Il <strong>10 gennaio 2024<\/strong> per le forniture gas e il <strong>1\u00b0 luglio 2024<\/strong> per le forniture della luce<\/td>\n<\/tr>\n<tr>\n<td style=\"width: 50%;\"><strong>Per chi vale la cessazione del Mercato Tutelato?<\/strong><\/td>\n<td style=\"width: 50%;\">Per i soli clienti domestici &#8220;<strong>non vulnerabili<\/strong>&#8220;<\/td>\n<\/tr>\n<tr>\n<td style=\"width: 50%;\"><strong>Cosa succede ai clienti domestici &#8220;vulnerabili&#8221;?<\/strong><\/td>\n<td style=\"width: 50%;\">La <strong>Maggior Tutela non finisce<\/strong>. ARERA continua a fissare e aggiornare i prezzi di energia elettrica e metano<\/td>\n<\/tr>\n<tr>\n<td style=\"width: 50%;\"><strong>Chi pu\u00f2 rientrare in Maggior Tutela a luglio 2024?<\/strong><\/td>\n<td style=\"width: 50%;\">Solo i clienti domestici &#8220;<strong>vulnerabili<\/strong>&#8220;<\/td>\n<\/tr>\n<tr>\n<td style=\"width: 50%;\"><strong>Chi sono i clienti &#8220;vulnerabili&#8221;?<\/strong><\/td>\n<td style=\"width: 50%;\">\n<ul>\n<li>Over 75<\/li>\n<li>Percettori di bonus luce e gas<\/li>\n<li>Soggetti con disabilit\u00e0<\/li>\n<li>Titolari di utenze in strutture abitative d&#8217;emergenza a seguito di eventi calamitosi<\/li>\n<li>Titolari di utenze in un&#8217;isola minore non interconnessa<\/li>\n<\/ul>\n<\/td>\n<\/tr>\n<\/tbody>\n<\/table>\n<p>Il Mercato Tutelato luce e gas \u00e8 ufficialmente terminato per i clienti \u201cnon vulnerabili\u201d. Lo stop \u00e8 scattato a <strong>gennaio 2024<\/strong> per le forniture gas e il <strong>1\u00b0 luglio 2024<\/strong> per quelle della luce.<\/p>\n<p>Tuttavia, per i clienti domestici \u201cvulnerabili\u201d, la <a href=\"https:\/\/www.sostariffe.it\/energia-elettrica-gas\/faq\/chi-puo-rimanere-nel-mercato-tutelato\"><strong>Maggior Tutela resta in vigore<\/strong><\/a>. Essi continueranno a beneficiare di tariffe di energia elettrica e metano definite e aggiornate da ARERA, l\u2019Autorit\u00e0 di regolamentazione per Energia, Reti e Ambiente. Proprio ai clienti \u201cvulnerabili\u201d (che nel solo mercato elettrico sono 3,8 milioni) <strong>\u00e8 sempre concesso rientrare in Maggior Tutela <\/strong>dal Mercato Libero, anche dopo lo stop del Mercato Tutelato luce avvenuta il 1\u00b0 luglio 2024.<\/p>\n<p>Ma quali requisiti bisogna avere per essere considerati clienti \u201cvulnerabili\u201d? Eccoli sintetizzati di seguito:<\/p>\n<ul>\n<li>aver compiuto <strong>75 anni<\/strong>;<\/li>\n<li>trovarsi in condizioni <strong>economicamente svantaggiate<\/strong> (ad esempio, i percettori dei bonus luce e gas), oppure utilizzare presso l\u2019utenza un\u2019apparecchiatura medicale salvavita alimentata dall\u2019energia elettrica (bonus elettrico per disagio fisico);<\/li>\n<li>avere una <strong>disabilit\u00e0<\/strong> ai sensi dell\u2019articolo 3 legge 104\/92;<\/li>\n<li>essere titolare di un\u2019utenza in una <strong>struttura abitativa di emergenza<\/strong> a seguito di eventi calamitosi;<\/li>\n<li>essere titolare di un\u2019utenza in un\u2019isola non interconnessa.<\/li>\n<\/ul>\n<p>Puoi verificare se possiedi o meno lo &#8220;status&#8221; di cliente vulnerabile consultando tale informazione in una bolletta recente inviata dal tuo fornitore.<\/p>\n<h2>Rientrare in Maggior Tutela: ecco la procedura di richiesta a luglio 2024<\/h2>\n<p>Come possono, dunque, i clienti \u201cvulnerabili\u201d gi\u00e0 passati al Mercato Libero rientrare in Maggior Tutela? Per farlo, \u00e8 necessario inoltrare direttamente la richiesta al fornitore che gestisce il<strong> servizio di Tutela<\/strong> nel tuo comune di residenza.<\/p>\n<p>Qualora tu non conosca il nome di questo fornitore, ARERA ha pubblicato sul suo sito ufficiale un <strong>motore di ricerca<\/strong> che ti permette di trovarlo in pochi click. Basta indicare il Comune dove \u00e8 situata la fornitura per ottenere subito:<\/p>\n<ul>\n<li>il nome dell\u2019esercente il servizio di Maggior Tutela nella zona desiderata;<\/li>\n<li>il link alla pagina dedicata del sito dell\u2019esercente per rientrare in Tutela.<\/li>\n<\/ul>\n<p>Una volta individuato il fornitore di riferimento, \u00e8 necessario compilare il <strong>modulo di rientro in Tutela<\/strong>, compilarlo in ogni sua parte e inviarlo ai recapiti indicati dall\u2019esercente stesso. In alternativa alla ricerca sul sito web di ARERA, \u00e8 possibile chiamare lo <strong>Sportello per il Consumatore <\/strong>(sempre di ARERA)\u00a0al numero verde <strong>800.166.654<\/strong>.<\/p>\n<p>Ricordiamo, invece, che i clienti domestici \u201cnon vulnerabili\u201d <strong>non hanno pi\u00f9 la facolt\u00e0 di richiedere il rientro in Maggior Tutela<\/strong>. Questo diritto poteva essere esercitato entro il 30 giugno 2024, ovvero fino all\u2019ultimo giorno utile prima della cessazione del Mercato Tutelato luce.<\/p>\n","protected":false},"excerpt":{"rendered":"<p>Gi\u00f9 il sipario sul Mercato Tutelato luce per 3,7 milioni di clienti domestici \u201cnon vulnerabili\u201d. Per loro, dal 1\u00b0 luglio 2024, non \u00e8 pi\u00f9 possibile rientrare in Maggior Tutela. Questa opzione \u00e8 invece sempre garantita ai clienti \u201cvulnerabili\u201d. Ecco chi sono e come possono fare richiesta. Oltre a un focus su come trovare offerte luce [&hellip;]<\/p>\n","protected":false},"author":108,"featured_media":392794,"comment_status":"open","ping_status":"open","sticky":false,"template":"","format":"standard","meta":{"footnotes":"","_links_to":"","_links_to_target":""},"categories":[1095,1098],"tags":[],"acf":[],"_links":{"self":[{"href":"https:\/\/www.sostariffe.it\/news\/wp-json\/wp\/v2\/posts\/392785"}],"collection":[{"href":"https:\/\/www.sostariffe.it\/news\/wp-json\/wp\/v2\/posts"}],"about":[{"href":"https:\/\/www.sostariffe.it\/news\/wp-json\/wp\/v2\/types\/post"}],"author":[{"embeddable":true,"href":"https:\/\/www.sostariffe.it\/news\/wp-json\/wp\/v2\/users\/108"}],"replies":[{"embeddable":true,"href":"https:\/\/www.sostariffe.it\/news\/wp-json\/wp\/v2\/comments?post=392785"}],"version-history":[{"count":8,"href":"https:\/\/www.sostariffe.it\/news\/wp-json\/wp\/v2\/posts\/392785\/revisions"}],"predecessor-version":[{"id":392872,"href":"https:\/\/www.sostariffe.it\/news\/wp-json\/wp\/v2\/posts\/392785\/revisions\/392872"}],"wp:featuredmedia":[{"embeddable":true,"href":"https:\/\/www.sostariffe.it\/news\/wp-json\/wp\/v2\/media\/392794"}],"wp:attachment":[{"href":"https:\/\/www.sostariffe.it\/news\/wp-json\/wp\/v2\/media?parent=392785"}],"wp:term":[{"taxonomy":"category","embeddable":true,"href":"https:\/\/www.sostariffe.it\/news\/wp-json\/wp\/v2\/categories?post=392785"},{"taxonomy":"post_tag","embeddable":true,"href":"https:\/\/www.sostariffe.it\/news\/wp-json\/wp\/v2\/tags?post=392785"}],"curies":[{"name":"wp","href":"https:\/\/api.w.org\/{rel}","templated":true}]}}