{"id":391014,"date":"2024-06-25T14:00:40","date_gmt":"2024-06-25T12:00:40","guid":{"rendered":"https:\/\/www.sostariffe.it\/news\/?p=391014"},"modified":"2024-06-26T09:07:11","modified_gmt":"2024-06-26T07:07:11","slug":"sistemi-di-stoccaggio-energetico-a-batteria-per-fotovoltaico-bess-2023-italia-2-in-europa","status":"publish","type":"post","link":"https:\/\/www.sostariffe.it\/news\/sistemi-di-stoccaggio-energetico-a-batteria-per-fotovoltaico-bess-2023-italia-2-in-europa-391014\/","title":{"rendered":"Sistemi di Stoccaggio Energetico a Batteria per Fotovoltaico (BESS) 2023, Italia 2\u00b0 in Europa"},"content":{"rendered":"<p>L\u2019Italia \u00e8 tra i \u201cbig\u201d d\u2019Europa nel mercato dei sistemi di stoccaggio energetico a batteria: secondo l\u2019ultimo report di SolarPower Europe, il nostro Paese si \u00e8 piazzato <strong>al secondo posto<\/strong> in UE (dopo la Germania) per quota di mercato nei <strong>BESS<\/strong> nel 2023. Ecco cosa dice l\u2019analisi e come trovare un <strong>preventivo fotovoltaico<\/strong> conveniente a giugno 2024 con il <strong>comparatore di SOStariffe.it<\/strong>.<!--more--><\/p>\n<p>L\u2019Italia sale sul secondo gradino del podio d\u2019Europa per quota di mercato dei BESS, i <strong>sistemi di stoccaggio dell\u2019energia a batteria<\/strong>. A \u201claureare\u201d il nostro Paese tra i \u201cbig\u201d del Vecchio Continente \u00e8 l\u2019ultimo report di <strong>SolarPower Europe<\/strong>.<\/p>\n<p>Secondo l\u2019associazione del settore fotovoltaico, l\u2019Italia nel 2023, ha centrato un record nazionale installando <strong>3,7 GWh<\/strong> di BESS fotovoltaici, con <strong>un\u2019impennata dell\u201986%<\/strong> rispetto al 2022. Meglio di noi, solo la <strong>Germania<\/strong> (5,9 GWh messi in esercizio, con un +152% sull\u2019anno precedente). Alle nostre spalle, il <strong>Regno Unito<\/strong> con 2,7 GWh (+91% sul 2022).<\/p>\n<p>Prima di entrare nelle pieghe del rapporto, ricordiamo che sempre pi\u00f9 famiglie scelgono un impianto <strong><a href=\"https:\/\/www.sostariffe.it\/risparmio-energetico\/guide\/fotovoltaico-con-accumulo-tipologie-differenze-e-consigli-per-la-scelta\">fotovoltaico con accumulo<\/a><\/strong> per spingere l\u2019acceleratore su indipendenza energetica, riduzione delle emissioni inquinanti e risparmio in bolletta. Il <strong>comparatore di SOStariffe.it<\/strong> per pannelli fotovoltaici (link qui sotto) \u00e8 al tuo fianco nella fase di ricerca di un <strong>preventivo fotovoltaico<\/strong> su misura per la tua famiglia, che abbia o meno l\u2019opzione delle batterie di accumulo.<\/p>\n<p><strong> <a class=\"green-cta\" href=\"https:\/\/www.sostariffe.it\/risparmio-energetico\/pannelli-fotovoltaici\/\" target=\"_blank\" rel=\"noopener noreferrer\">CALCOLA IL TUO PREVENTIVO FOTOVOLTAICO <span style=\"\u201ctext-align: right&quot;;\">\u00bb<\/span><\/a><\/strong><\/p>\n<p>L\u2019utilizzo di questo strumento \u00e8 molto semplice: basta inserire alcuni dati (indirizzo e posizione dell\u2019impianto da installare, calcolo dei consumi e dati di contatto) per vederti restituito, in pochi click, un elenco di soluzioni (con prezzi e caratteristiche degli impianti) con il miglior rapporto qualit\u00e0\/prezzo a giugno 2024, tra le soluzioni proposte dai partner del comparatore stesso.<\/p>\n<h2>Sistemi di stoccaggio: l&#8217;Italia \u00e8 tra i &#8220;big&#8221; d&#8217;Europa<\/h2>\n<table style=\"border-collapse: collapse; width: 100%; height: 168px;\">\n<tbody>\n<tr style=\"height: 24px;\">\n<td style=\"width: 50%; height: 24px;\"><\/td>\n<td style=\"width: 50%; height: 24px; text-align: center;\"><strong>I MERCATI BESS IN EUROPA NEL 2023: LA CLASSIFICA<\/strong><\/td>\n<\/tr>\n<tr style=\"height: 24px;\">\n<td style=\"width: 50%; height: 24px;\">1<\/td>\n<td style=\"width: 50%; height: 24px;\"><strong>Germania<\/strong>, con una quota di mercato del 34%<\/td>\n<\/tr>\n<tr style=\"height: 24px;\">\n<td style=\"width: 50%; height: 24px;\">2<\/td>\n<td style=\"width: 50%; height: 24px;\"><strong>Italia<\/strong>, con una quota di mercato del 22%<\/td>\n<\/tr>\n<tr style=\"height: 24px;\">\n<td style=\"width: 50%; height: 24px;\">3<\/td>\n<td style=\"width: 50%; height: 24px;\"><strong>Regno Unito<\/strong>, con una quota di mercato del 15%<\/td>\n<\/tr>\n<tr style=\"height: 24px;\">\n<td style=\"width: 50%; height: 24px;\">4<\/td>\n<td style=\"width: 50%; height: 24px;\"><strong>Austria<\/strong>, con una quota di mercato del 6%<\/td>\n<\/tr>\n<tr style=\"height: 24px;\">\n<td style=\"width: 50%; height: 24px;\">5<\/td>\n<td style=\"width: 50%; height: 24px;\"><strong>Repubblica Ceca<\/strong>, con una quota di mercato del 5%<\/td>\n<\/tr>\n<tr style=\"height: 24px;\">\n<td style=\"width: 50%; height: 24px;\">6<\/td>\n<td style=\"width: 50%; height: 24px;\">Il <strong>resto d&#8217;Europa<\/strong> detiene una quota di mercato del 18%<\/td>\n<\/tr>\n<\/tbody>\n<\/table>\n<p>Al primo posto c\u2019\u00e8 la locomotiva d\u2019Europa. La<strong> Germania<\/strong>, nel 2023, si \u00e8 confermata leader incontrastato del mercato europeo delle batterie con accumulo, aggiudicandosi il 34% della quota di mercato. Alle sue spalle si \u00e8 piazzata l\u2019<strong>Italia<\/strong>, con il 22% del business complessivo. Terzo posto per il Regno Unito (15%). La classifica \u00e8 stata scattata dall&#8217;ultimo rapporto di <strong>SolarPower Europe<\/strong>, che ha anche passato ai raggi X l&#8217;andamento dell&#8217;industria delle batterie per immagazzinare l&#8217;energia prodotta da un impianto fotovoltaico e usarla quando questo non \u00e8 in funzione.<\/p>\n<p>Per quanto riguarda la potenza BESS installata, la Germania ha toccato quota 5,9 GWh nel 2023, registrando un balzo all\u2019ins\u00f9 del +152%. L\u2019Italia ha messo in esercizio <strong>la cifra record di 3,7 GWh<\/strong> (con un\u2019impennata del +86% rispetto al 2022), seguita dal Regno Unito con 2,7 GWh (+91% sull&#8217;anno precedente).<\/p>\n<p>Se si volesse, infine, far diventare il trio un quintetto, bisognerebbe citare <strong>l&#8217;Austria<\/strong>, che ha confermato la sua robusta traiettoria di crescita aggiungendo oltre 1 GWh di capacit\u00e0 di stoccaggio a batteria (+95%) e\u00a0la <strong>Repubblica Ceca<\/strong> (la new entry della classifica) che ha installato\u00a0oltre <strong>900 MWh<\/strong> di BESS nel 2023.<\/p>\n<h2>Batterie con accumulo per fotovoltaico: boom in Europa, +94% nel 2023<\/h2>\n<p>Secondo l\u2019analisi di SolarPower Europe, <strong>Germania, Italia e Regno Unito<\/strong> hanno trainato il mercato dei sistemi di stoccaggio per fotovoltaico nel 2023. Ottime performance che hanno contribuito alla crescita del segmento delle batterie di accumulo per fotovoltaico in tutto il Vecchio Continente. Cifre alla mano, il report evidenzia che \u201c<em>nel 2023 sono stati installati in Europa <strong>17,2 GWh di nuova capacit\u00e0 BESS<\/strong>, con un impressionante <strong>aumento del 94%<\/strong> rispetto al 2022\u201d<\/em>. Tradotto, significa che, l\u2019anno scorso, \u201c<em>l\u2019equivalente di 1,7 milioni di case europee in pi\u00f9 \u00e8 stato alimentato da batterie solari<\/em>\u201d.<\/p>\n<p>La crescita \u00e8 stata trainata soprattutto dalle batterie domestiche. Il <strong>segmento residenziale<\/strong>, infatti, ha guidato la diffusione con il 63% della capacit\u00e0 BESS installata annualmente, seguito da:<\/p>\n<ul>\n<li>sistemi di batterie su larga scala con il 21%;<\/li>\n<li>sistemi commerciali e industriali con il 9%.<\/li>\n<\/ul>\n<p>Secondo le previsioni contenute nel rapporto, i mercati dei BESS manterranno la loro parabola ascendente <strong>tra il 2025 e il 2028<\/strong>, con tassi di crescita sostenuti, ma pi\u00f9 lenti, nell\u2019ordine del 30-40%. \u201cS<em>i prevede che la capacit\u00e0 BESS installata in Europa si espander\u00e0 di oltre sette volte, raggiungendo i 260 GWh di batterie di accumulo entro il 2028<\/em>\u201d, precisa ancora il report.<\/p>\n<p>&#8220;<em>Nell&#8217;ultimo decennio, la diminuzione dei costi di investimento per l&#8217;accumulo di batterie, grazie ai progressi tecnologici, alle economie di scala e alla riduzione dei prezzi delle materie prime, ha aumentato in modo significativo la competitivit\u00e0 dei costi del solare fotovoltaico abbinato all&#8217;accumulo di batterie. Questa combinazione rappresenta gi\u00e0 una soluzione ottimale per affrontare il nostro trilemma energetico: sicurezza, sostenibilit\u00e0 e convenienza<\/em>&#8220;, conclude <strong>Antonio Arruebo<\/strong>, analista di mercato di SolarPower Europe.<\/p>\n","protected":false},"excerpt":{"rendered":"<p>L\u2019Italia \u00e8 tra i \u201cbig\u201d d\u2019Europa nel mercato dei sistemi di stoccaggio energetico a batteria: secondo l\u2019ultimo report di SolarPower Europe, il nostro Paese si \u00e8 piazzato al secondo posto in UE (dopo la Germania) per quota di mercato nei BESS nel 2023. Ecco cosa dice l\u2019analisi e come trovare un preventivo fotovoltaico conveniente a [&hellip;]<\/p>\n","protected":false},"author":108,"featured_media":391019,"comment_status":"open","ping_status":"open","sticky":false,"template":"","format":"standard","meta":{"footnotes":"","_links_to":"","_links_to_target":""},"categories":[20765],"tags":[],"acf":[],"_links":{"self":[{"href":"https:\/\/www.sostariffe.it\/news\/wp-json\/wp\/v2\/posts\/391014"}],"collection":[{"href":"https:\/\/www.sostariffe.it\/news\/wp-json\/wp\/v2\/posts"}],"about":[{"href":"https:\/\/www.sostariffe.it\/news\/wp-json\/wp\/v2\/types\/post"}],"author":[{"embeddable":true,"href":"https:\/\/www.sostariffe.it\/news\/wp-json\/wp\/v2\/users\/108"}],"replies":[{"embeddable":true,"href":"https:\/\/www.sostariffe.it\/news\/wp-json\/wp\/v2\/comments?post=391014"}],"version-history":[{"count":7,"href":"https:\/\/www.sostariffe.it\/news\/wp-json\/wp\/v2\/posts\/391014\/revisions"}],"predecessor-version":[{"id":391203,"href":"https:\/\/www.sostariffe.it\/news\/wp-json\/wp\/v2\/posts\/391014\/revisions\/391203"}],"wp:featuredmedia":[{"embeddable":true,"href":"https:\/\/www.sostariffe.it\/news\/wp-json\/wp\/v2\/media\/391019"}],"wp:attachment":[{"href":"https:\/\/www.sostariffe.it\/news\/wp-json\/wp\/v2\/media?parent=391014"}],"wp:term":[{"taxonomy":"category","embeddable":true,"href":"https:\/\/www.sostariffe.it\/news\/wp-json\/wp\/v2\/categories?post=391014"},{"taxonomy":"post_tag","embeddable":true,"href":"https:\/\/www.sostariffe.it\/news\/wp-json\/wp\/v2\/tags?post=391014"}],"curies":[{"name":"wp","href":"https:\/\/api.w.org\/{rel}","templated":true}]}}