{"id":381655,"date":"2024-01-03T18:20:58","date_gmt":"2024-01-03T17:20:58","guid":{"rendered":"https:\/\/www.sostariffe.it\/news\/?p=381655"},"modified":"2024-01-03T18:23:45","modified_gmt":"2024-01-03T17:23:45","slug":"bolletta-del-gas-in-calo-67-per-i-consumi-di-dicembre-2023","status":"publish","type":"post","link":"https:\/\/www.sostariffe.it\/news\/bolletta-del-gas-in-calo-67-per-i-consumi-di-dicembre-2023-381655\/","title":{"rendered":"Bolletta del gas in calo: -6,7% per i consumi di Dicembre 2023"},"content":{"rendered":"<p><strong>Cala il prezzo del gas<\/strong>: l&#8217;ultimo aggiornamento di prezzo per i<strong> clienti domestici in Tutela<\/strong>, relativo ai consumi registrati nel corso del mese di dicembre, si traduce in una diminuzione della bolletta del gas per la famiglia tipo. Nel confronto a quanto registrato nel corso del mese di novembre, infatti, la spesa registra un<strong> calo del -6,7%<\/strong>. Vediamo i dettagli completi in merito. <!--more--><\/p>\n<p>Buone notizie per i consumatori:<strong> il prezzo del gas cala ancora<\/strong>. L&#8217;ultimo aggiornamento sui prezzi per i clienti domestici in Tutela, rima dello stop al regime tutelato, \u00e8 appena stato comunicato da ARERA. L&#8217;Autorit\u00e0 ha confermato un <strong>calo del -6,7%<\/strong> della bolletta del gas nel confronto con il precedente aggiornamento del mese di novembre.\u00a0Il calo in questione \u00e8 legato a doppio filo al calo della sola materia prima gas (CMEM,m) mentre rimangono invariati gli oneri generali e la tariffa legata al trasporto e alla misura.<\/p>\n<p>Ricordiamo che<strong> la Tutela \u00e8 terminata a inizio gennaio 2024<\/strong> per tutti i <strong>clienti domestici non vulnerabili<\/strong>. ARERA continuer\u00e0 ad aggiornare, sempre su base mensile, le condizioni tariffarie del servizio tutelato per i clienti domestici vulnerabili (oltre 2,5 milioni di clienti in totale secondo i dati forniti dall&#8217;Autorit\u00e0). Per tutti i clienti domestici, vulnerabili e non vulnerabili, \u00e8 sempre possibile scegliere un nuovo fornitore del Mercato Libero.<\/p>\n<p>Grazie al <strong>comparatore di SOStariffe.it<\/strong> per <strong><a href=\"https:\/\/www.sostariffe.it\/gas\/\">offerte gas<\/a><\/strong>, accessibile tramite il tasto qui di sotto, \u00e8 possibile, infatti, scegliere con semplicit\u00e0 le offerte pi\u00f9 vantaggiose del momento e ridurre al minimo la bolletta. Basta inserire una stima del proprio consumo annuo (il dato \u00e8 riportato in bolletta) per individuare subito la tariffa giusta da attivare.<\/p>\n<p><a class=\"green-cta\" href=\"https:\/\/www.sostariffe.it\/gas\/\" target=\"_blank\" rel=\"noopener noreferrer\">Scopri qui le migliori offerte gas <span style=\"text-align: right;\">\u00bb<\/span><\/a><\/p>\n<h2>Bolletta del gas: spesa in calo per i consumi di dicembre 2023<\/h2>\n<table style=\"border-collapse: collapse; width: 100%; height: 120px;\">\n<tbody>\n<tr style=\"height: 24px;\">\n<td style=\"width: 15.0407%; text-align: center; height: 24px;\"><\/td>\n<td style=\"width: 84.9593%; text-align: center; height: 24px;\"><strong>3 COSE DA SAPERE SUL PREZZO DEL GAS DI DICEMBRE 2023<\/strong><\/td>\n<\/tr>\n<tr style=\"height: 24px;\">\n<td style=\"width: 15.0407%; height: 24px;\">1.<\/td>\n<td style=\"width: 84.9593%; height: 24px;\">Il nuovo prezzo del gas in Tutela per i consumi di <strong>dicembre 2023<\/strong> \u00e8 di <b><strong>0,388501 <\/strong><\/b><strong>\u20ac\/Smc\u00a0<\/strong><\/td>\n<\/tr>\n<tr style=\"height: 24px;\">\n<td style=\"width: 15.0407%; height: 24px;\">2.<\/td>\n<td style=\"width: 84.9593%; height: 24px;\">La spesa per la famiglia tipo \u00e8 calo del<strong> -6,7%<\/strong> rispetto a <strong>novembre 2023<\/strong><\/td>\n<\/tr>\n<tr style=\"height: 48px;\">\n<td style=\"width: 15.0407%; height: 48px;\">3.<\/td>\n<td style=\"width: 84.9593%; height: 48px;\">La spesa nell&#8217;<strong>anno scorrevole<\/strong> (gennaio 2023 &#8211; dicembre\u00a0 2023) \u00e8 in calo del <strong>-29,9%<\/strong> rispetto ai 12 mesi precedenti<\/td>\n<\/tr>\n<\/tbody>\n<\/table>\n<p>In base all&#8217;aggiornamento annunciato da ARERA in queste ore, la bolletta del gas per la famiglia tipo in Tutela (consumo annuo di 1.400 Smc) registra un <strong>calo del -6,7% per i consumi di dicembre 2023<\/strong>, in confronto a quanto registrato nel corso del mese di novembre 2023. Per quanto riguarda il <strong>prezzo del gas a copertura dei costi di approvvigionamento<\/strong> (componente CMEM,m), invece, il nuovo valore fissato da ARERA \u00e8 pari a<strong> 0,388501 \u20ac\/Smc<\/strong>.<\/p>\n<p>Questo valore, ricordiamo, \u00e8 calcolato in base alla media mensile del prezzo del mercato all&#8217;ingrosso italiano (PSV day ahead). Il calo dell&#8217;importo complessivo della bolletta \u00e8 legato proprio alla variazione della componente CMEM,m mentre gli oneri generali e la tariffa legata alle spese di trasporto e misura restano stabili. Il<strong> prezzo di riferimento del gas per la famiglia tipo<\/strong> (comprensivo di imposte, spese di trasporto e gestione del contatore e oneri di sistema oltre che della spesa per la materia prima) \u00e8 pari a<strong> 97,79 centesimi di euro al metro cubo.<\/strong><\/p>\n<p>Per quanto riguarda la<strong> spesa nell&#8217;anno scorrevole<\/strong> (gennaio &#8211; dicembre 2023), invece, per la famiglia tipo si registra un valore complessivo di <strong>1.307 euro<\/strong>, al lordo delle imposte. Si tratta di un calo del<strong> -29,9%<\/strong> rispetto allo stesso valore registrato nel corso dei 12 mesi precedenti (gennaio &#8211; dicembre 2022).<\/p>\n<p>La tabella qui di sotto riassume l&#8217;<strong>andamento del costo del gas<\/strong> (CMEM,m) per i clienti del mercato tutelato nel corso del 2023:<\/p>\n<table border=\"1\" cellspacing=\"0\" cellpadding=\"6\">\n<tbody>\n<tr style=\"height: 24px;\">\n<td style=\"height: 24px; width: 28.4238%; text-align: center;\" valign=\"top\"><b>MESE<\/b><\/td>\n<td style=\"height: 24px; width: 35.1421%; text-align: center;\" valign=\"top\"><b>COSTO GAS (Euro\/Smc)<\/b><\/td>\n<\/tr>\n<tr>\n<td style=\"width: 28.4238%; text-align: center;\"><b>dicembre 2023<\/b><\/td>\n<td style=\"width: 35.1421%; text-align: center;\"><b><strong> 0,388501<\/strong><\/b><\/td>\n<\/tr>\n<tr>\n<td style=\"text-align: center;\">novembre 2023<\/td>\n<td style=\"text-align: center;\">0,455089<\/td>\n<\/tr>\n<tr style=\"height: 24px;\">\n<td style=\"text-align: center;\">ottobre 2023<\/td>\n<td style=\"text-align: center;\">0,467879<\/td>\n<\/tr>\n<tr style=\"height: 24px;\">\n<td style=\"text-align: center;\">settembre 2023<\/td>\n<td style=\"text-align: center;\">0,396386<\/td>\n<\/tr>\n<tr style=\"height: 24px;\">\n<td style=\"text-align: center; height: 24px;\">agosto 2023<\/td>\n<td style=\"text-align: center; height: 24px;\">0,355331<\/td>\n<\/tr>\n<tr style=\"height: 24px;\">\n<td style=\"height: 24px; width: 28.4238%; text-align: center;\">luglio 2023<\/td>\n<td style=\"height: 24px; width: 35.1421%; text-align: center;\">0,336178<\/td>\n<\/tr>\n<tr style=\"height: 24px;\">\n<td style=\"height: 24px; width: 28.4238%; text-align: center;\">giugno 2023<\/td>\n<td style=\"height: 24px; width: 35.1421%; text-align: center;\">0,354598<\/td>\n<\/tr>\n<tr style=\"height: 24px;\">\n<td style=\"height: 24px; width: 28.4238%; text-align: center;\">maggio 2023<\/td>\n<td style=\"height: 24px; width: 35.1421%; text-align: center;\">0,364547<\/td>\n<\/tr>\n<tr style=\"height: 24px;\">\n<td style=\"height: 24px; width: 28.4238%; text-align: center;\">aprile 2023<\/td>\n<td style=\"height: 24px; width: 35.1421%; text-align: center;\">0,479694<\/td>\n<\/tr>\n<tr style=\"height: 24px;\">\n<td style=\"height: 24px; width: 28.4238%; text-align: center;\">marzo 2023<\/td>\n<td style=\"height: 24px; width: 35.1421%; text-align: center;\">0,498408<\/td>\n<\/tr>\n<tr style=\"height: 24px;\">\n<td style=\"height: 24px; width: 28.4238%; text-align: center;\">febbraio 2023<\/td>\n<td style=\"height: 24px; width: 35.1421%; text-align: center;\">0,608549<\/td>\n<\/tr>\n<tr style=\"height: 24px;\">\n<td style=\"height: 24px; width: 28.4238%; text-align: center;\">gennaio 2023<\/td>\n<td style=\"height: 24px; width: 35.1421%; text-align: center;\">0,731604<\/td>\n<\/tr>\n<\/tbody>\n<\/table>\n<h2>Bolletta del gas: cosa succede ora con la fine della Tutela<\/h2>\n<p>Con il mese di <strong>gennaio 2024<\/strong> \u00e8 prevista la <strong><a href=\"https:\/\/www.sostariffe.it\/news\/bollette-gas-cosa-cambia-con-lo-stop-alla-tutela-da-gennaio-2024-381555\/\">fine del mercato tutelato del gas per i clienti domestici non vulnerabili<\/a><\/strong>. Il regime tutelato, invece, continua, come confermato anche da ARERA che continuer\u00e0 con gli aggiornamenti mensili di prezzo, per i <strong>clienti vulnerabili<\/strong>. Rientrano in questa categoria tutti i clienti domestici per cui vale almeno una di queste condizioni:<\/p>\n<ul>\n<li>si trovano in condizioni economicamente svantaggiate (ad esempio percettori di bonus)<\/li>\n<li>sono soggetti con disabilit\u00e0 ai sensi dell&#8217;articolo 3 legge 104\/92<\/li>\n<li>hanno un&#8217;utenza in una struttura abitativa di emergenza a seguito di eventi calamitosi<\/li>\n<li>hanno un&#8217;et\u00e0 superiore ai 75 anni<\/li>\n<\/ul>\n<p>Di conseguenza, a partire<strong> da gennaio 2024<\/strong>:<\/p>\n<ul>\n<li><strong>i clienti domestici vulnerabili che non hanno scelto un fornitore del Mercato Libero<\/strong> continueranno a sfruttare il servizio di Tutela, con ARERA che continuer\u00e0 ad aggiornare su base mensile il costo del gas e, quindi, l&#8217;importo delle bollette; il prossimo aggiornamento \u00e8 previsto a inizio febbraio 2024 e sar\u00e0 valido per i consumi registrati a gennaio 2024 da questa categoria di consumatori<\/li>\n<li><strong>i clienti domestici non vulnerabili che non hanno scelto un fornitore del Mercato Libero<\/strong> resteranno con lo stesso fornitore ma passeranno a una nuova tariffa, denominata <strong>offerta PLACET in deroga\u00a0<\/strong> con condizioni economiche e contrattuali definite da ARERA ma con una componente fissa annuale (Pfix) definita dal venditore<\/li>\n<li><strong>i clienti domestici che hanno scelto un fornitore del Mercato Libero<\/strong> continueranno a sfruttare la tariffa attivata, senza alcuna modifica legata alla fine della Tutela<\/li>\n<\/ul>\n<p>Per tutti i clienti domestici \u00e8 sempre possibile, a prescindere dall&#8217;attuale condizione della propria fornitura, <strong>passare a una nuova offerta gas del Mercato Libero<\/strong>, scegliendo una tariffa conveniente e un nuovo fornitore. Il passaggio avviene sempre in modo completamente gratuito, senza interruzione della fornitura e senza la necessit\u00e0 di cambiare fornitore. Per scegliere una nuova offerta \u00e8 possibile affidarsi al <strong>comparatore di SOStariffe.it<\/strong>, utilizzando il tool qui di sotto che permette di identificare le tariffe pi\u00f9 convenienti in base al proprio consumo.<\/p>\n<p>[WIDGET-GAS]<\/p>\n","protected":false},"excerpt":{"rendered":"<p>Cala il prezzo del gas: l&#8217;ultimo aggiornamento di prezzo per i clienti domestici in Tutela, relativo ai consumi registrati nel corso del mese di dicembre, si traduce in una diminuzione della bolletta del gas per la famiglia tipo. Nel confronto a quanto registrato nel corso del mese di novembre, infatti, la spesa registra un calo [&hellip;]<\/p>\n","protected":false},"author":47,"featured_media":381658,"comment_status":"open","ping_status":"open","sticky":false,"template":"","format":"standard","meta":{"footnotes":"","_links_to":"","_links_to_target":""},"categories":[1098],"tags":[],"acf":[],"_links":{"self":[{"href":"https:\/\/www.sostariffe.it\/news\/wp-json\/wp\/v2\/posts\/381655"}],"collection":[{"href":"https:\/\/www.sostariffe.it\/news\/wp-json\/wp\/v2\/posts"}],"about":[{"href":"https:\/\/www.sostariffe.it\/news\/wp-json\/wp\/v2\/types\/post"}],"author":[{"embeddable":true,"href":"https:\/\/www.sostariffe.it\/news\/wp-json\/wp\/v2\/users\/47"}],"replies":[{"embeddable":true,"href":"https:\/\/www.sostariffe.it\/news\/wp-json\/wp\/v2\/comments?post=381655"}],"version-history":[{"count":2,"href":"https:\/\/www.sostariffe.it\/news\/wp-json\/wp\/v2\/posts\/381655\/revisions"}],"predecessor-version":[{"id":381661,"href":"https:\/\/www.sostariffe.it\/news\/wp-json\/wp\/v2\/posts\/381655\/revisions\/381661"}],"wp:featuredmedia":[{"embeddable":true,"href":"https:\/\/www.sostariffe.it\/news\/wp-json\/wp\/v2\/media\/381658"}],"wp:attachment":[{"href":"https:\/\/www.sostariffe.it\/news\/wp-json\/wp\/v2\/media?parent=381655"}],"wp:term":[{"taxonomy":"category","embeddable":true,"href":"https:\/\/www.sostariffe.it\/news\/wp-json\/wp\/v2\/categories?post=381655"},{"taxonomy":"post_tag","embeddable":true,"href":"https:\/\/www.sostariffe.it\/news\/wp-json\/wp\/v2\/tags?post=381655"}],"curies":[{"name":"wp","href":"https:\/\/api.w.org\/{rel}","templated":true}]}}