{"id":377484,"date":"2023-10-23T17:45:03","date_gmt":"2023-10-23T15:45:03","guid":{"rendered":"http:\/\/www.sostariffe.it\/news\/?p=377484"},"modified":"2023-10-23T17:52:14","modified_gmt":"2023-10-23T15:52:14","slug":"maggior-tutela-per-luce-e-gas-proroga-confermata-nuovo-decreto-in-arrivo","status":"publish","type":"post","link":"https:\/\/www.sostariffe.it\/news\/maggior-tutela-per-luce-e-gas-proroga-confermata-nuovo-decreto-in-arrivo-377484\/","title":{"rendered":"Maggior Tutela per luce e gas: proroga confermata, nuovo Decreto in arrivo"},"content":{"rendered":"<p><strong>Si allontana la fine della Maggior Tutela per luce e gas<\/strong>, con il conseguente passaggio obbligato al Mercato Libero per chi \u00e8 ancora nel regime di fornitura gestito da ARERA. Il Governo lavora a un nuovo Decreto Energia che render\u00e0 ufficiale la gi\u00e0 tanto chiacchierata <strong>proroga del regime di Tutela<\/strong>. Vediamo i dettagli completi.<\/p>\n<p><!--more--><\/p>\n<p><strong>La fine della Maggior Tutela sar\u00e0 posticipata<\/strong>: il Governo lavora a un <strong>nuovo Decreto Energia<\/strong> che sar\u00e0 in Consiglio dei Ministri tra la fine di ottobre e l&#8217;inizio di novembre (inizialmente, il CdM sul tema era previsto per il 23 ottobre). Nel corso dei prossimi giorni, quindi, arriver\u00e0 l&#8217;<strong>ok ufficiale alla proroga<\/strong>, gi\u00e0 anticipata da vari esponenti dell&#8217;esecutivo nel corso delle ultime settimane.<\/p>\n<p>Nel frattempo, per\u00f2, chi \u00e8 ancora in Tutela, pu\u00f2<strong> passare subito al Mercato Libero<\/strong>, anche valutando l&#8217;attivazione di tariffe a prezzo bloccato per proteggersi dagli aumenti futuri del costo dell&#8217;energia all&#8217;ingrosso. Per scegliere le offerte pi\u00f9 vantaggiose \u00e8 possibile consultare il <strong>comparatore di SOStariffe.it <\/strong>per <a href=\"https:\/\/www.sostariffe.it\/energia-elettrica-gas\/\"><strong>offerte luce e gas<\/strong><\/a>, disponibile tramite il link qui di sotto.<\/p>\n<p><a class=\"green-cta\" href=\"https:\/\/www.sostariffe.it\/energia-elettrica-gas\/\" target=\"_blank\" rel=\"noopener noreferrer\">Scopri qui le migliori offerte luce e gas <span style=\"text-align: right;\">\u00bb<\/span><\/a><\/p>\n<h2>Fine Maggior Tutela: cosa prevede la proroga<\/h2>\n<table style=\"border-collapse: collapse; width: 100%; height: 118px;\">\n<tbody>\n<tr style=\"height: 24px;\">\n<td style=\"width: 50%; height: 24px;\"><\/td>\n<td style=\"width: 50%; height: 24px;\"><strong>3 COSE DA SAPERE SULLA FINE DELLA TUTELA<\/strong><\/td>\n<\/tr>\n<tr style=\"height: 48px;\">\n<td style=\"width: 50%; height: 48px;\">1.<\/td>\n<td style=\"width: 50%; height: 48px;\">Il Governo intende <strong>posticipare la fine della Maggior Tutela<\/strong><\/td>\n<\/tr>\n<tr style=\"height: 22px;\">\n<td style=\"width: 50%; height: 22px;\">2.<\/td>\n<td style=\"width: 50%; height: 22px;\">\u00c8 in arrivo un <strong>nuovo Decreto Energia<\/strong> sul tema<\/td>\n<\/tr>\n<tr style=\"height: 24px;\">\n<td style=\"width: 50%; height: 24px;\">3.<\/td>\n<td style=\"width: 50%; height: 24px;\">La proroga sar\u00e0 di <strong>6-12 mesi<\/strong><\/td>\n<\/tr>\n<\/tbody>\n<\/table>\n<p>Per il momento, <strong>non c&#8217;\u00e8 ancora nulla di ufficiale<\/strong> ma varie fonti riportate dagli organi di stampa concordano sull&#8217;imminente arrivo di una proroga per la fine del mercato tutelato che, quindi, non terminer\u00e0 a gennaio 2024 per il gas e ad aprile 2024 per l&#8217;energia elettrica.<\/p>\n<p>La <strong>bozza del nuovo Decreto Energia<\/strong>, che sar\u00e0 discusso a breve in Consiglio dei Ministri, prevede uno spostamento delle date previste per la fine della Tutela. <strong>La proroga sar\u00e0 di 6-12 mesi<\/strong>, almeno stando alle prime informazioni emerse in queste ore.<\/p>\n<p>Ci sono ancora diversi punti da chiarire: la proroga della Maggior Tutela, infatti, potrebbe riguardar<strong>e tutti i clienti domestic<\/strong>i che non sono ancora passati al Mercato Libero e non solo i clienti &#8220;vulnerabili&#8221; per i quali era gi\u00e0 prevista un&#8217;estensione del regime tutelato gestito da ARERA.<\/p>\n<p>Ricordiamo che sono considerati <strong>clienti &#8220;vulnerabili&#8221;<\/strong> tutti i clienti domestici che rientrano in almeno una di queste categorie:<\/p>\n<ul>\n<li>si trovano in condizioni economicamente svantaggiate e risultano percettori del Bonus Bollette<\/li>\n<li>sono soggetti con disabilit\u00e0 ai sensi dell&#8217;articolo 3 legge 104\/92<\/li>\n<li>hanno un&#8217;utenza in una struttura abitativa di emergenza a seguito di eventi calamitosi<\/li>\n<li>versano in gravi condizioni di salute tali da richiedere l&#8217;utilizzo di apparecchiature medico-terapeutiche alimentate dall&#8217;energia elettrica oppure presso i quali sono presenti persone in tali condizioni (per l&#8217;energia elettrica)<\/li>\n<li>hanno un&#8217;utenza in un&#8217;isola minore non interconnessa (per l&#8217;energia elettrica)<\/li>\n<li>hanno un&#8217;et\u00e0 superiore ai 75 anni<\/li>\n<\/ul>\n<p>Per una decisione finale bisogner\u00e0 attendere i prossimi giorni: il nuovo Decreto Energia su cui il Governo \u00e8 al lavoro dovrebbe ufficializzare lo <strong>spostamento della fine della Maggior Tutela<\/strong>, andando a chiarire le caratteristiche della fase di transizione prevista per il 2024.<\/p>\n<p>Il nuovo provvedimento del Governo porter\u00e0 anche altre novit\u00e0 per il settore energia: in particolare, infatti, sono in arrivo <strong>nuove misure di incentivi<\/strong> per sostenere la diffusione della produzione di energia da <strong>fonti rinnovabili<\/strong>, essenziale per sostenere al massimo il sistema energetico italiano.<\/p>\n","protected":false},"excerpt":{"rendered":"<p>Si allontana la fine della Maggior Tutela per luce e gas, con il conseguente passaggio obbligato al Mercato Libero per chi \u00e8 ancora nel regime di fornitura gestito da ARERA. Il Governo lavora a un nuovo Decreto Energia che render\u00e0 ufficiale la gi\u00e0 tanto chiacchierata proroga del regime di Tutela. Vediamo i dettagli completi.<\/p>\n","protected":false},"author":47,"featured_media":377485,"comment_status":"open","ping_status":"open","sticky":false,"template":"","format":"standard","meta":{"footnotes":"","_links_to":"","_links_to_target":""},"categories":[1095,1098],"tags":[],"acf":[],"_links":{"self":[{"href":"https:\/\/www.sostariffe.it\/news\/wp-json\/wp\/v2\/posts\/377484"}],"collection":[{"href":"https:\/\/www.sostariffe.it\/news\/wp-json\/wp\/v2\/posts"}],"about":[{"href":"https:\/\/www.sostariffe.it\/news\/wp-json\/wp\/v2\/types\/post"}],"author":[{"embeddable":true,"href":"https:\/\/www.sostariffe.it\/news\/wp-json\/wp\/v2\/users\/47"}],"replies":[{"embeddable":true,"href":"https:\/\/www.sostariffe.it\/news\/wp-json\/wp\/v2\/comments?post=377484"}],"version-history":[{"count":3,"href":"https:\/\/www.sostariffe.it\/news\/wp-json\/wp\/v2\/posts\/377484\/revisions"}],"predecessor-version":[{"id":377530,"href":"https:\/\/www.sostariffe.it\/news\/wp-json\/wp\/v2\/posts\/377484\/revisions\/377530"}],"wp:featuredmedia":[{"embeddable":true,"href":"https:\/\/www.sostariffe.it\/news\/wp-json\/wp\/v2\/media\/377485"}],"wp:attachment":[{"href":"https:\/\/www.sostariffe.it\/news\/wp-json\/wp\/v2\/media?parent=377484"}],"wp:term":[{"taxonomy":"category","embeddable":true,"href":"https:\/\/www.sostariffe.it\/news\/wp-json\/wp\/v2\/categories?post=377484"},{"taxonomy":"post_tag","embeddable":true,"href":"https:\/\/www.sostariffe.it\/news\/wp-json\/wp\/v2\/tags?post=377484"}],"curies":[{"name":"wp","href":"https:\/\/api.w.org\/{rel}","templated":true}]}}