{"id":376305,"date":"2023-10-04T10:00:54","date_gmt":"2023-10-04T08:00:54","guid":{"rendered":"http:\/\/www.sostariffe.it\/news\/?p=376305"},"modified":"2023-10-05T07:50:53","modified_gmt":"2023-10-05T05:50:53","slug":"a-chi-spetta-il-bonus-150-euro-a-ottobre-2023","status":"publish","type":"post","link":"https:\/\/www.sostariffe.it\/news\/a-chi-spetta-il-bonus-150-euro-a-ottobre-2023-376305\/","title":{"rendered":"A chi spetta il bonus 150 euro a Ottobre 2023?"},"content":{"rendered":"<p>Ecco chi ricever\u00e0 il bonus contro inflazione e caro bolletta: la tabella di marcia dei <strong>pagamenti INPS a ottobre 2023<\/strong>. Oltre a un focus su come trovare le <strong>offerte luce e gas<\/strong> pi\u00f9 vantaggiose del Mercato Libero per <strong>tagliare i costi di elettricit\u00e0 e metano<\/strong> in fattura. <!--more--><\/p>\n<p>Prosegue la liquidazione del <strong>bonus 150 euro<\/strong>. Anche a ottobre 2023 l\u2019INPS verser\u00e0 a quanti ne hanno diritto (e non l\u2019abbiano ancora ricevuta) <strong>l\u2019indennit\u00e0 una tantum contro<\/strong> <strong>il caro bolletta<\/strong> introdotta dal decreto <strong>Aiuti ter <\/strong>(pubblicato in Gazzetta Ufficiale il 23 settembre 2022).<\/p>\n<p>Questa misura anti-inflazione \u00e8 stata voluta dal governo Draghi per aiutare le famiglie a pi\u00f9 basso reddito nel pagamento delle bollette di luce e gas, oltre a far fronte agli incrementi generalizzati del carrello della spesa.<\/p>\n<p>Prima di scattare una fotografia dell\u2019andamento della campagna pagamenti del <strong>bonus 150 euro<\/strong>, \u00e8 bene ricordare che gli aiuti statali non bastano ad alleggerire le bollette. Per tagliare gli importi in fattura bisogna ridurre quanto pi\u00f9 possibile il costo unitario dell\u2019energia elettrica e del gas, espresso in <a href=\"https:\/\/www.sostariffe.it\/energia-elettrica-gas\/faq\/costo-kwh-kilowattora-quanto-costa-l-energia-elettrica\"><strong>costo kWh<\/strong><\/a> e <a href=\"https:\/\/www.sostariffe.it\/energia-elettrica-gas\/faq\/quanto-costa-un-metro-cubo-smc-di-gas-metano\"><strong>costo metano al metro cubo<\/strong><\/a>.<\/p>\n<p>Per farlo, \u00e8 necessario confrontare attentamente le <strong>offerte luce e gas<\/strong> proposte dai <a href=\"https:\/\/www.sostariffe.it\/energia-elettrica-gas\/fornitori-energetici\/\"><strong>gestori energetici<\/strong><\/a> del <a href=\"https:\/\/www.sostariffe.it\/energia-elettrica-gas\/faq\/cosa-succede-se-non-si-aderisce-al-mercato-libero-luce-e-gas\"><strong>Mercato Libero<\/strong><\/a> tramite il <strong>comparatore di SOStariffe.it<\/strong> e scegliere la soluzione che pi\u00f9 si allinea al proprio fabbisogno energetico. Grazie allo strumento gratuito di SOStariffe.it (accessibile dal link qui sotto) \u00e8 infatti possibile mettere a confronto le offerte a partire dal proprio consumo annuo di elettricit\u00e0 e gas e individuare quella che propone un costo ridotto per la materia prima, che resta la voce pi\u00f9 cospicua della bolletta.<\/p>\n<p><a class=\"green-cta\" href=\"https:\/\/www.sostariffe.it\/energia-elettrica-gas\/\" target=\"_blank\" rel=\"noopener noreferrer\">SCOPRI LE MIGLIORI OFFERTE LUCE E GAS <span style=\"\u201ctext-align: right&quot;;\">\u00bb<\/span><\/a><\/p>\n<h2>Bonus 150 euro: chi lo ricever\u00e0 a Ottobre 2023<\/h2>\n<table style=\"border-collapse: collapse; width: 100%;\">\n<tbody>\n<tr>\n<td style=\"width: 25%;\"><strong>LE DOMANDE<\/strong><\/td>\n<td style=\"width: 50%;\"><strong>LE RISPOSTE<\/strong><\/td>\n<\/tr>\n<tr>\n<td style=\"width: 25%;\"><strong>Che cos&#8217;\u00e8 il bonus 150 euro?<\/strong><\/td>\n<td style=\"width: 50%;\">\u00c8 una <strong style=\"font-family: inherit; font-size: inherit;\">indennit\u00e0 una tantum<\/strong><span style=\"font-family: inherit; font-size: inherit;\"> per aiutare le famiglie a pi\u00f9 basso reddito a pagare le <\/span><strong style=\"font-family: inherit; font-size: inherit;\">bollette di luce e gas<\/strong> e a far fronte al caro vita<\/td>\n<\/tr>\n<tr>\n<td style=\"width: 25%;\"><strong>Quando \u00e8 stato varato?<\/strong><\/td>\n<td style=\"width: 50%;\"><span style=\"font-family: inherit; font-size: inherit;\">Questa misura \u00e8 stata introdotta dal governo Draghi con il <strong>decreto Aiuti<\/strong> <strong>ter<\/strong>, pubblicato in Gazzetta Ufficiale il 23 settembre 2022<\/span><\/td>\n<\/tr>\n<tr>\n<td style=\"width: 25%;\"><strong>Da chi \u00e8 erogato il bonus e in quali fasi?<\/strong><\/td>\n<td style=\"width: 50%;\">\u00c8 liquidato dall&#8217;INPS, con la seguente tabella di marcia:<\/p>\n<ul>\n<li>una prima tranche scattata a <strong>novembre 2022<\/strong><\/li>\n<li>una seconda finestra avviata a <strong>febbraio 2023\u00a0<\/strong>e ancora in corso<\/li>\n<\/ul>\n<\/td>\n<\/tr>\n<\/tbody>\n<\/table>\n<p>Come detto, anche a ottobre 2023 l\u2019INPS continuer\u00e0 ad erogare a quanti ne hanno diritto ma non l\u2019hanno ancora ricevuto <strong>il bonus 150 euro, <\/strong>l\u2019indennit\u00e0 una tantum introdotta dal decreto Aiuti ter per aiutare persone con redditi fino ai 20mila euro lordi annui a sostenere le spese del caro bolletta e carovita.<\/p>\n<p>La liquidazione del bonus 150 euro \u00e8 avvenuta in due differenti finestre temporali, scandite dalla circolare INPS 127\/2022. La prima tranche, partita a novembre 2022, ha riguardato lavoratori dipendenti, titolari di pensione e percettori di trattamenti assistenziali, cos\u00ec come colf e badanti.<\/p>\n<p>La <strong>tranche di pagamenti attualmente in corso<\/strong>, che ha accumulato una serie di ritardi, \u00e8 scattata a febbraio 2023 e riguarda:<\/p>\n<ul>\n<li>titolari di indennit\u00e0 di disoccupazione NASpI, DIS-COLL, mobilit\u00e0 ordinaria o in deroga nel mese di novembre 2022;<\/li>\n<li>beneficiari di indennit\u00e0 di disoccupazione agricola 2022 (relativa all\u2019anno 2021);<\/li>\n<li>beneficiari delle indennit\u00e0 COVID-19;<\/li>\n<li>lavoratori autonomi occasionali;<\/li>\n<li>categorie di lavoratori che hanno presentato domanda per ottenere il beneficio (co.co.co, lavoratori stagionali, assegnisti e dottorandi, lavoratori dello spettacolo e partite Iva);<\/li>\n<li>venditori porta a porta gi\u00e0 beneficiari del bonus 200 euro.<\/li>\n<\/ul>\n<p>I percettori di Reddito di cittadinanza aventi ancora diritto al sussidio hanno, invece, potuto beneficiare dell\u2019aiuto statale ad agosto 2023. Ricordiamo, inoltre, che il decreto interministeriale del 7 dicembre 2022 ha esteso a <strong>lavoratori autonomi e professionisti non titolari di partita IVA<\/strong> l\u2019accesso all\u2019indennit\u00e0 una tantum di 200 euro prevista dal decreto Aiuti, incrementata di altri 150 euro per i redditi sotto i 20mila euro dal decreto Aiuti-ter. Per queste categorie di lavoratori (30mila autonomi e circa 50mila professionisti), la finestra per presentare domanda \u00e8 scaduta ad aprile 2023.<\/p>\n<h2>Aiuti contro il caro bollette: le misure varate dal decreto Energia<\/h2>\n<p>Per supportare le famiglie alle prese con <a href=\"https:\/\/www.sostariffe.it\/news\/bollette-luce-il-prezzo-aumenta-del-186-nel-quarto-trimestre-del-2023-376110\/\"><strong>bollette luce in aumento<\/strong><\/a> e stangate sui mutui per il <a href=\"https:\/\/www.sostariffe.it\/news\/tassi-mutuo-in-rialzo-dopo-la-decisione-bce-quale-mutuo-scegliere-a-settembre-2023-375668\/\"><strong>rialzo dei tassi della BCE<\/strong><\/a>, il Consiglio dei ministri ha varato, il 25 settembre 2023, un <strong>nuovo pacchetto di aiuti<\/strong> contenuto nel <a href=\"https:\/\/www.sostariffe.it\/news\/decreto-energia-tutti-gli-aiuti-sulle-bollette-in-arrivo-da-ottobre-2023-376045\/\"><strong>Decreto Energia<\/strong><\/a>.<\/p>\n<p>Per quanto concerne i sostegni sul fronte delle bollette, l&#8217;ultimo provvedimento del governo ha disposto <strong>la proroga sino al 31 dicembre 2023<\/strong> delle seguenti misure:<\/p>\n<ul>\n<li><a href=\"https:\/\/www.sostariffe.it\/news\/bonus-bollette-potenziato-come-cambia-lagevolazione-da-ottobre-2023-376208\/\"><strong>potenziamento del bonus bollette<\/strong><\/a>;<\/li>\n<li><strong>taglio al 5% per l\u2019IVA <\/strong>sul gas;<\/li>\n<li><strong>azzeramento degli oneri di sistema <\/strong>per il gas.<\/li>\n<\/ul>\n<p>Ricordiamo che, per quanto riguarda l\u2019energia elettrica, gli oneri generali di sistema sono stati reintrodotti in bolletta nella primavera del 2023.<\/p>\n","protected":false},"excerpt":{"rendered":"<p>Ecco chi ricever\u00e0 il bonus contro inflazione e caro bolletta: la tabella di marcia dei pagamenti INPS a ottobre 2023. Oltre a un focus su come trovare le offerte luce e gas pi\u00f9 vantaggiose del Mercato Libero per tagliare i costi di elettricit\u00e0 e metano in fattura.<\/p>\n","protected":false},"author":108,"featured_media":376310,"comment_status":"open","ping_status":"open","sticky":false,"template":"","format":"standard","meta":{"footnotes":"","_links_to":"","_links_to_target":""},"categories":[22318,1095,1098],"tags":[],"acf":[],"_links":{"self":[{"href":"https:\/\/www.sostariffe.it\/news\/wp-json\/wp\/v2\/posts\/376305"}],"collection":[{"href":"https:\/\/www.sostariffe.it\/news\/wp-json\/wp\/v2\/posts"}],"about":[{"href":"https:\/\/www.sostariffe.it\/news\/wp-json\/wp\/v2\/types\/post"}],"author":[{"embeddable":true,"href":"https:\/\/www.sostariffe.it\/news\/wp-json\/wp\/v2\/users\/108"}],"replies":[{"embeddable":true,"href":"https:\/\/www.sostariffe.it\/news\/wp-json\/wp\/v2\/comments?post=376305"}],"version-history":[{"count":6,"href":"https:\/\/www.sostariffe.it\/news\/wp-json\/wp\/v2\/posts\/376305\/revisions"}],"predecessor-version":[{"id":376470,"href":"https:\/\/www.sostariffe.it\/news\/wp-json\/wp\/v2\/posts\/376305\/revisions\/376470"}],"wp:featuredmedia":[{"embeddable":true,"href":"https:\/\/www.sostariffe.it\/news\/wp-json\/wp\/v2\/media\/376310"}],"wp:attachment":[{"href":"https:\/\/www.sostariffe.it\/news\/wp-json\/wp\/v2\/media?parent=376305"}],"wp:term":[{"taxonomy":"category","embeddable":true,"href":"https:\/\/www.sostariffe.it\/news\/wp-json\/wp\/v2\/categories?post=376305"},{"taxonomy":"post_tag","embeddable":true,"href":"https:\/\/www.sostariffe.it\/news\/wp-json\/wp\/v2\/tags?post=376305"}],"curies":[{"name":"wp","href":"https:\/\/api.w.org\/{rel}","templated":true}]}}