{"id":359980,"date":"2023-02-02T18:25:27","date_gmt":"2023-02-02T17:25:27","guid":{"rendered":"http:\/\/www.sostariffe.it\/news\/?p=359980"},"modified":"2023-02-02T18:27:41","modified_gmt":"2023-02-02T17:27:41","slug":"bollette-gas-spesa-in-calo-del-342-per-i-consumi-di-gennaio-2023-per-i-clienti-in-tutela","status":"publish","type":"post","link":"https:\/\/www.sostariffe.it\/news\/bollette-gas-spesa-in-calo-del-342-per-i-consumi-di-gennaio-2023-per-i-clienti-in-tutela-359980\/","title":{"rendered":"Bollette Gas: spesa in calo del -34,2% per i consumi di Gennaio 2023 per i clienti in Tutela"},"content":{"rendered":"<p><strong>\u00c8 confermato ufficialmente il calo per le bollette del gas relativo ai consumi di gennaio 2023<\/strong>. ARERA, infatti, ha appena annunciato le <strong>nuove condizioni tariffarie per le forniture di gas in Tutela<\/strong>. Stando alle nuove condizioni annunciate dall&#8217;Autorit\u00e0 per l&#8217;energia,<strong> il calo \u00e8 del -34,2% <\/strong>rispetto alle quotazioni relative al mese di dicembre 2022. Ad influenzare questo dato \u00e8 il calo del prezzo all&#8217;ingrosso del gas, riferito all&#8217;andamento dell&#8217;indice PSV. <!--more--><\/p>\n<p><strong>Si riduce la bolletta del gas per i clienti in Tutela<\/strong>. La conferma arriva direttamente da ARERA che ha annunciato una <strong>riduzione del -34,2% della bolletta per la &#8220;famiglia tipo&#8221;<\/strong> (consumo annuo di 1.400 Smc) nel confronto con il precedente mese di dicembre 2022. L&#8217;aggiornamento si basa sul nuovo meccanismo introdotto da ARERA lo scorso ottobre per le forniture di gas del Mercato Tutelato. Tale meccanismo prevede aggiornamenti mensili del prezzo del gas che risulta &#8220;agganciato&#8221; all&#8217;indice del mercato all&#8217;ingrosso italiano, il PSV. Quest&#8217;aggiornamento \u00e8 una <strong>buona notizia anche per i clienti del Mercato Libero<\/strong>. Ecco tutti i dettagli:<\/p>\n<h2>Cala il prezzo del gas in Tutela: bollette pi\u00f9 leggere per i consumi di gennaio 2023<\/h2>\n<table style=\"border-collapse: collapse; width: 100%; height: 92px;\">\n<tbody>\n<tr style=\"height: 24px;\">\n<td style=\"width: 50%; height: 24px;\"><\/td>\n<td style=\"width: 50%; text-align: center; height: 24px;\"><strong>COSA HA ANNUNCIATO ARERA SULLE BOLLETE DEL GAS<\/strong><\/td>\n<\/tr>\n<tr style=\"height: 24px;\">\n<td style=\"width: 50%; height: 24px;\">1.<\/td>\n<td style=\"width: 50%; height: 24px;\">Taglio del<strong> -34,2%<\/strong> della <strong>spesa per il gas per i clienti in Tutela<\/strong><\/td>\n<\/tr>\n<tr style=\"height: 20px;\">\n<td style=\"width: 50%; height: 20px;\">2.<\/td>\n<td style=\"width: 50%; height: 20px;\">La <strong>spesa annuale<\/strong> \u00e8 in crescita del <strong>+36%<\/strong><\/td>\n<\/tr>\n<tr style=\"height: 24px;\">\n<td style=\"width: 50%; height: 24px;\">3.<\/td>\n<td style=\"width: 50%; height: 24px;\">Il nuovo valore del prezzo del gas per i consumi di gennaio 2023 \u00e8 pari a<strong> 0,7311604 \u20ac\/Smc<\/strong><\/td>\n<\/tr>\n<\/tbody>\n<\/table>\n<p><strong>ARERA<\/strong> ha annunciato una diminuzione del <strong>-34,2% della bolletta del gas <\/strong>per la famiglia tipo in regime di Maggior Tutela. Il calo \u00e8 legato alla riduzione della componente del prezzo del gas a copertura dei costi di approvvigionamento (CMEMm) che viene aggiornata su base mensile dallo scorso ottobre (in precedenza l&#8217;aggiornamento era trimestrale) con il prezzo che viene stabilito, in base all&#8217;andamento dell&#8217;indice PSV, entro due giorni lavorativi successivi al mese di riferimento (il 2 febbraio \u00e8 arrivato il prezzo ufficiale di gennaio 2023 infatti).<\/p>\n<p>Il nuovo prezzo di questa componente &#8220;chiave&#8221; per determinare l&#8217;importo delle bollette del gas per i clienti in Tutela \u00e8 <strong>0,7311604 \u20ac\/Smc<\/strong>. Tale prezzo sar\u00e0 utilizzato per il calcolo delle bollette relative ai<strong> consumi registrati nel corso del mese di gennaio 2023<\/strong>. Il prezzo di febbraio 2023, invece, sar\u00e0 ufficializzato soltanto ad inizio marzo 2023, seguendo il meccanismo di aggiornamenti mensili previsto da ARERA per le forniture in Tutela.<\/p>\n<p>Ricordiamo che il<strong> prezzo di dicembre 2022,<\/strong> annunciato a inizio gennaio 2023, era pari a<strong> 1,247659 \u20ac\/Smc.<\/strong><\/p>\n<p>[WIDGET-GAS]<\/p>\n<h3>Come cambia la spesa della famiglia tipo per il gas<\/h3>\n<p>Il nuovo aggiornamento del prezzo del gas va a modificare la<strong> spesa annuale stimata per la famiglia tipo<\/strong> nel corso dell&#8217;anno scorrevole ovvero per il periodo <strong>febbraio 2022 &#8211; gennaio 2023.<\/strong> Per questo periodo, la famiglia tipo in Tutela registra una spesa complessiva di<strong> 1.769 euro<\/strong> con un incremento del <strong>+36%<\/strong> rispetto alla spesa registrata nel corso dei 12 mesi precedenti (febbraio 2021 &#8211; gennaio 2022). La stima relativa alla spesa annuale tiene conto dell&#8217;intervento del Governo che ha tagliato gli oneri di sistema, introdotto la componente negativa UG2 per i consumi fino a 5 mila Smc all&#8217;anno e ridotto l&#8217;IVA sul gas al 5%.<\/p>\n<p>Complessivamente, per il mese di gennaio 2023, viene definito un <strong>prezzo di riferimento per il gas pari a 99,37 euro per metro cubo,<\/strong> tasse incluse, per la famiglia tipo. Tale prezzo si compone di:<\/p>\n<ul>\n<li>77,72 centesimi per l&#8217;approvvigionamento del gas naturale e per le attivit\u00e0 connesse con una riduzione del -39,9% rispetto al mese di dicembre<\/li>\n<li>5,60 centesimi per la vendita al dettaglio, in linea con il dato di dicembre 2022<\/li>\n<li>25,24 centesimi di euro per i servizi di distribuzione, misura, trasporto, perequazione della distribuzione e qualit\u00e0 (si tratta della voce Spesa per il trasporto e la gestione del contatore)<\/li>\n<li>22,05 centesimi di imposte (accise, addizionale regionale e IVA)<\/li>\n<\/ul>\n<p>Per la determinazione del prezzo complessivo bisogna considerare la componente negativa degli oneri di sistema, pari a 31,24 centesimi<\/p>\n<h2>Taglio delle bollette del gas in arrivo anche per il Mercato Libero<\/h2>\n<table style=\"border-collapse: collapse; width: 100%;\">\n<tbody>\n<tr>\n<td style=\"width: 50%;\"><\/td>\n<td style=\"width: 50%;\"><strong>PASSARE AL MERCATO LIBERO CONVIENE DI PIU&#8217; A FEBBRAIO 2023<\/strong><\/td>\n<\/tr>\n<tr>\n<td style=\"width: 50%;\"><strong>1.<\/strong><\/td>\n<td style=\"width: 50%;\">Le <strong>tariffe indicizzate rispetto al PSV<\/strong> diventano <strong>pi\u00f9 convenienti<\/strong><\/td>\n<\/tr>\n<tr>\n<td style=\"width: 50%;\">2.<\/td>\n<td style=\"width: 50%;\">Il prezzo all&#8217;ingrosso \u00e8 calato a <strong>0,73 \u20ac\/Smc<\/strong><\/td>\n<\/tr>\n<tr>\n<td style=\"width: 50%;\">3.<\/td>\n<td style=\"width: 50%;\">Per scegliere l&#8217;offerta giusta \u00e8 possibile affidarsi al <strong>comparatore di SOStariffe.it<\/strong><\/td>\n<\/tr>\n<\/tbody>\n<\/table>\n<p>Il calo del prezzo del gas in Tutela \u00e8, senza dubbio, una buona notizia per le famiglie. Bisogna sottolineare, per\u00f2, che non si tratta dell&#8217;unica buona notizia in arrivo ad inizio febbraio.<strong> Anche nel Mercato Libero,<\/strong> infatti,<strong> si sta per registrare un netto calo del prezzo del gas.<\/strong> Nel corso del mese di <strong>gennaio<\/strong> <strong>2023<\/strong>, infatti, il <strong>prezzo del PSV<\/strong> ha registrato una media di circa <strong>0,73 \u20ac\/Smc,<\/strong> in netto calo rispetto agli oltre 1,2 \u20ac\/Smc di dicembre 2022.<\/p>\n<p>Di conseguenza,<strong> tutte le offerte gas del Mercato Libero<\/strong> che consentono l&#8217;<strong>accesso al prezzo dell&#8217;indice PSV<\/strong> potranno<strong> beneficiare del calo delle quotazioni all&#8217;ingrosso<\/strong>. Questa riduzione riguarder\u00e0 i consumi relativi al mese di gennaio 2023 per tutti i clienti che hanno attivato una tariffa indicizzata all&#8217;andamento dell&#8217;indice PSV. L&#8217;adeguamento del prezzo sar\u00e0 automatico, come previsto dalle caratteristiche contrattuali di queste tariffe.<\/p>\n<p>Ricordiamo, invece, che chi \u00e8 alla ricerca di una nuova tariffa, per sfruttare il calo del prezzo dell&#8217;indice PSV, pu\u00f2 scegliere l&#8217;offerta pi\u00f9 conveniente tramite il <strong>comparatore di SOStariffe.it <\/strong>per <strong>offerte gas<\/strong>, disponibile al link qui di sotto. Baster\u00e0 indicare una stima del proprio consumo annuo (il dato \u00e8 riportato in bolletta) per individuare subito le tariffe pi\u00f9 vantaggiose.<\/p>\n<p><a class=\"green-cta\" href=\"https:\/\/www.sostariffe.it\/gas\/\" target=\"_blank\" rel=\"noopener noreferrer\">Scopri qui le migliori offerte gas <span style=\"text-align: right;\">\u00bb<\/span><\/a><\/p>\n<p>Per attivare l&#8217;offerta scelta, invece, sar\u00e0 sufficiente affidarsi ad una procedura online, completamente gratuita, tramite il sito del fornitore. Per completare la sottoscrizione della tariffa scelta sar\u00e0 sufficiente avere a disposizione i <strong>dati dell&#8217;intestatario del contratto<\/strong> ed il <strong>codice PDR<\/strong> della fornitura, riportato in bolletta. Per assistenza nella scelta o nell&#8217;attivazione dell&#8217;offerta \u00e8 possibile affidarsi al <strong>servizio di consulenza di SOStariffe.it<\/strong>, gratuito e senza impegno, disponibile al numero<strong> 02 5005 111.<\/strong><\/p>\n","protected":false},"excerpt":{"rendered":"<p>\u00c8 confermato ufficialmente il calo per le bollette del gas relativo ai consumi di gennaio 2023. ARERA, infatti, ha appena annunciato le nuove condizioni tariffarie per le forniture di gas in Tutela. Stando alle nuove condizioni annunciate dall&#8217;Autorit\u00e0 per l&#8217;energia, il calo \u00e8 del -34,2% rispetto alle quotazioni relative al mese di dicembre 2022. Ad [&hellip;]<\/p>\n","protected":false},"author":47,"featured_media":359984,"comment_status":"open","ping_status":"open","sticky":false,"template":"","format":"standard","meta":{"footnotes":"","_links_to":"","_links_to_target":""},"categories":[1095,1098],"tags":[],"acf":[],"_links":{"self":[{"href":"https:\/\/www.sostariffe.it\/news\/wp-json\/wp\/v2\/posts\/359980"}],"collection":[{"href":"https:\/\/www.sostariffe.it\/news\/wp-json\/wp\/v2\/posts"}],"about":[{"href":"https:\/\/www.sostariffe.it\/news\/wp-json\/wp\/v2\/types\/post"}],"author":[{"embeddable":true,"href":"https:\/\/www.sostariffe.it\/news\/wp-json\/wp\/v2\/users\/47"}],"replies":[{"embeddable":true,"href":"https:\/\/www.sostariffe.it\/news\/wp-json\/wp\/v2\/comments?post=359980"}],"version-history":[{"count":4,"href":"https:\/\/www.sostariffe.it\/news\/wp-json\/wp\/v2\/posts\/359980\/revisions"}],"predecessor-version":[{"id":359990,"href":"https:\/\/www.sostariffe.it\/news\/wp-json\/wp\/v2\/posts\/359980\/revisions\/359990"}],"wp:featuredmedia":[{"embeddable":true,"href":"https:\/\/www.sostariffe.it\/news\/wp-json\/wp\/v2\/media\/359984"}],"wp:attachment":[{"href":"https:\/\/www.sostariffe.it\/news\/wp-json\/wp\/v2\/media?parent=359980"}],"wp:term":[{"taxonomy":"category","embeddable":true,"href":"https:\/\/www.sostariffe.it\/news\/wp-json\/wp\/v2\/categories?post=359980"},{"taxonomy":"post_tag","embeddable":true,"href":"https:\/\/www.sostariffe.it\/news\/wp-json\/wp\/v2\/tags?post=359980"}],"curies":[{"name":"wp","href":"https:\/\/api.w.org\/{rel}","templated":true}]}}