{"id":326365,"date":"2021-03-17T11:00:55","date_gmt":"2021-03-17T10:00:55","guid":{"rendered":"https:\/\/www.sostariffe.it\/news\/?p=326365"},"modified":"2025-12-23T10:48:01","modified_gmt":"2025-12-23T09:48:01","slug":"liberalizzazione-mercati-luce-e-gas-imprese-10-domande-10-risposte","status":"publish","type":"post","link":"https:\/\/www.sostariffe.it\/news\/liberalizzazione-mercati-luce-e-gas-imprese-10-domande-10-risposte-326365\/","title":{"rendered":"Liberalizzazione mercati luce e gas imprese: 10 domande, 10 risposte"},"content":{"rendered":"<p>A partire dall&#8217;inizio del <strong>2021<\/strong> \u00e8 iniziata la fase di <strong>transizione verso il Mercato Libero per le PMI e alcune Microimprese<\/strong>. Il passaggio al Mercato Libero avverr\u00e0 seguendo tempistiche e modalit\u00e0 ben precise, permettendo a tutti i soggetti coinvolti di accedere alle soluzioni pi\u00f9 convenienti per le proprie forniture energetiche. <strong>SOStariffe.it<\/strong> ha stilato un elenco di<strong> 10 domande e 10 risposte<\/strong> legate alla <strong>liberalizzazione dei mercati di luce e gas<\/strong> in modo da offrire, a tutti i soggetti coinvolti, ulteriori informazioni in merito alla procedura in atto ed a tutte le sue caratteristiche. <!--more--><\/p>\n<h2><strong>Per chi \u00e8 terminato il Mercato Tutelato il 1\u00b0 gennaio 2021?<\/strong><\/h2>\n<p>Da inizio 2021 il regime tutelato termina per le PMI con 10-50 dipendenti e fatturato annuo tra 2 e 10 milioni di euro e per le Microimprese con potenza impegnata del punto di prelievo maggiore di 15 kW<\/p>\n<h2><strong>Quando termina il Mercato Tutelato per le Microimprese?<\/strong><\/h2>\n<p>Per le Microimprese con potenza contrattualmente impegnata inferiore a 15 kW la fine del Mercato Tutelato \u00e8 prevista per gennaio 2023, contemporaneamente ai clienti domestici<\/p>\n<h2><strong>Cosa succede alle imprese che non scelgono un fornitore del Mercato Libero?<\/strong><\/h2>\n<p>Per le piccole imprese che non scelgono un fornitore del mercato libero \u00e8 previsto il passaggio al servizio a tutele graduali (STG) che viene gestito dal fornitore di Maggior Tutela sino a giugno 2021. Successivamente, \u00e8 prevista una gara tra fornitori, su base territoriale, per aggiudicarsi i clienti che non hanno effettuato una scelta<\/p>\n<h2><strong>La continuit\u00e0 della fornitura \u00e8 garantita?<\/strong><\/h2>\n<p>Le imprese che non attivano un\u2019offerta del Mercato Libero non registreranno l\u2019interruzione della fornitura energetica ma rinunceranno alla possibilit\u00e0 di scegliere le condizioni tariffarie pi\u00f9 convenienti per l\u2019energia<\/p>\n<h2><strong>Quali sono i vantaggi del Mercato Libero per le imprese?<\/strong><\/h2>\n<p>Le imprese che scelgono un fornitore del Mercato Libero hanno la possibilit\u00e0 di individuare la soluzione tariffaria migliore scegliendo tra tante opzioni disponibili<\/p>\n<h2><strong>Come scegliere le migliori offerte del Mercato Libero per le imprese?<\/strong><\/h2>\n<p>La scelta della migliore offerta del Mercato Libero va fatta tenendo in considerazione diversi fattori. Oltre al prezzo dell\u2019energia bisogner\u00e0 analizzare i servizi aggiuntivi inclusi nelle offerte, la possibilit\u00e0 di sfruttare il prezzo dell\u2019energia bloccato per un certo periodo di tempo e le offerte dual fuel<\/p>\n<h2><strong>Conviene passare subito al Mercato Libero?<\/strong><\/h2>\n<p>S\u00ec. Le aziende hanno la possibilit\u00e0 di scegliere le condizioni tariffarie pi\u00f9 adatte alle proprie esigenze grazie alle offerte del Mercato Libero. Non scegliere un fornitore del Mercato Libero significa rinunciare alla possibilit\u00e0 di risparmiare sui costi delle forniture energetiche.<\/p>\n<h2><strong>\u00c8 possibile effettuare il passaggio in qualsiasi momento?<\/strong><\/h2>\n<p>S\u00ec. Il passaggio pu\u00f2 essere effettuato in qualsiasi momento, anche successivamente alla fine del Servizio a tutele graduali ed all\u2019assegnazione automatica di un fornitore del Mercato Libero a seguito di aste territoriali programmata per luglio 2021.<\/p>\n<h2><strong>Come si attivano le offerte per le imprese?<\/strong><\/h2>\n<p>Sia la scelta che l\u2019attivazione delle offerte del Mercato Libero per le imprese pu\u00f2 avvenire direttamente online. Sfruttando la comparazione online delle offerte sar\u00e0 facile individuare le tariffe pi\u00f9 vantaggiose da attivare.<\/p>\n<h2><strong>Cosa prevede il passaggio al Mercato Libero per le imprese?<\/strong><\/h2>\n<p>Le imprese che scelgono un fornitore del Mercato Libero possono sfruttare diversi vantaggi. Il passaggio \u00e8 gratuito e non \u00e8 prevista la sostituzione del contatore e l\u2019interruzione della fornitura energetica attiva<\/p>\n","protected":false},"excerpt":{"rendered":"<p>A partire dall&#8217;inizio del 2021 \u00e8 iniziata la fase di transizione verso il Mercato Libero per le PMI e alcune Microimprese. Il passaggio al Mercato Libero avverr\u00e0 seguendo tempistiche e modalit\u00e0 ben precise, permettendo a tutti i soggetti coinvolti di accedere alle soluzioni pi\u00f9 convenienti per le proprie forniture energetiche. SOStariffe.it ha stilato un elenco [&hellip;]<\/p>\n","protected":false},"author":47,"featured_media":326371,"comment_status":"open","ping_status":"open","sticky":false,"template":"","format":"standard","meta":{"footnotes":"","_links_to":"","_links_to_target":""},"categories":[3889,1095,1098],"tags":[],"acf":[],"_links":{"self":[{"href":"https:\/\/www.sostariffe.it\/news\/wp-json\/wp\/v2\/posts\/326365"}],"collection":[{"href":"https:\/\/www.sostariffe.it\/news\/wp-json\/wp\/v2\/posts"}],"about":[{"href":"https:\/\/www.sostariffe.it\/news\/wp-json\/wp\/v2\/types\/post"}],"author":[{"embeddable":true,"href":"https:\/\/www.sostariffe.it\/news\/wp-json\/wp\/v2\/users\/47"}],"replies":[{"embeddable":true,"href":"https:\/\/www.sostariffe.it\/news\/wp-json\/wp\/v2\/comments?post=326365"}],"version-history":[{"count":2,"href":"https:\/\/www.sostariffe.it\/news\/wp-json\/wp\/v2\/posts\/326365\/revisions"}],"predecessor-version":[{"id":326373,"href":"https:\/\/www.sostariffe.it\/news\/wp-json\/wp\/v2\/posts\/326365\/revisions\/326373"}],"wp:featuredmedia":[{"embeddable":true,"href":"https:\/\/www.sostariffe.it\/news\/wp-json\/wp\/v2\/media\/326371"}],"wp:attachment":[{"href":"https:\/\/www.sostariffe.it\/news\/wp-json\/wp\/v2\/media?parent=326365"}],"wp:term":[{"taxonomy":"category","embeddable":true,"href":"https:\/\/www.sostariffe.it\/news\/wp-json\/wp\/v2\/categories?post=326365"},{"taxonomy":"post_tag","embeddable":true,"href":"https:\/\/www.sostariffe.it\/news\/wp-json\/wp\/v2\/tags?post=326365"}],"curies":[{"name":"wp","href":"https:\/\/api.w.org\/{rel}","templated":true}]}}